{"id":3361,"date":"2024-06-26T08:27:59","date_gmt":"2024-06-26T11:27:59","guid":{"rendered":"https:\/\/pos.uel.br\/ppgsoc\/?p=3361"},"modified":"2024-06-26T08:29:37","modified_gmt":"2024-06-26T11:29:37","slug":"prof-cleber-lopes-coordenador-do-legs-em-entrevista-ao-estadao","status":"publish","type":"post","link":"https:\/\/pos.uel.br\/ppgsoc\/sem-categoria\/2024\/06\/26\/prof-cleber-lopes-coordenador-do-legs-em-entrevista-ao-estadao\/","title":{"rendered":"Prof. Cl\u00e9ber Lopes, coordenador do LEGS, em entrevista ao Estad\u00e3o."},"content":{"rendered":"\n<p>&nbsp;O mercado da seguran\u00e7a privada no Brasil ainda n\u00e3o se equipara ao de na\u00e7\u00f5es mais desenvolvidas, mas segue em processo de amadurecimento e \u00e9 altamente especializado em muitas \u00e1reas. O Pa\u00eds, contudo, ainda deve em termos de regula\u00e7\u00e3o e enfrenta um problema cr\u00f4nico e dif\u00edcil de resolver: o que envolve a participa\u00e7\u00e3o de policiais em servi\u00e7os de seguran\u00e7a privada, atividade comum nos grandes centros, mas proibida por lei.\u2063<br>\u2063<br>A avalia\u00e7\u00e3o \u00e9 de Cleber Lopes, professor da Universidade Estadual de Londrina (UEL) e coordenador do Laborat\u00f3rio de Estudos sobre Governan\u00e7a da Seguran\u00e7a (LEGS). Ele considera que essa quest\u00e3o precisa ser debatida a fim de se encontrar solu\u00e7\u00e3o que torne vi\u00e1vel esse tipo de servi\u00e7o no Brasil. O pesquisador v\u00ea o mercado brasileiro de seguran\u00e7a como \u201cmuito heterog\u00eaneo\u201d. Isso porque, enquanto as empresas legalizadas s\u00e3o especializadas e passam por fiscaliza\u00e7\u00f5es frequentes, muitos servi\u00e7os s\u00e3o feitos \u00e0 margem da lei e de forma predat\u00f3ria.\u2063<br><\/p>\n\n\n\n<figure class=\"wp-block-image size-full\"><img loading=\"lazy\" decoding=\"async\" width=\"600\" height=\"598\" src=\"https:\/\/pos.uel.br\/ppgsoc\/wp-content\/uploads\/2024\/06\/Cleber-Estadao.png\" alt=\"\" class=\"wp-image-3364\" srcset=\"https:\/\/pos.uel.br\/ppgsoc\/wp-content\/uploads\/2024\/06\/Cleber-Estadao.png 600w, https:\/\/pos.uel.br\/ppgsoc\/wp-content\/uploads\/2024\/06\/Cleber-Estadao-300x300.png 300w, https:\/\/pos.uel.br\/ppgsoc\/wp-content\/uploads\/2024\/06\/Cleber-Estadao-150x150.png 150w\" sizes=\"auto, (max-width: 600px) 100vw, 600px\" \/><\/figure>\n","protected":false},"excerpt":{"rendered":"<p>&nbsp;O mercado da seguran\u00e7a privada no Brasil ainda n\u00e3o se equipara ao de na\u00e7\u00f5es mais desenvolvidas, mas segue em processo de amadurecimento e \u00e9 altamente especializado em muitas \u00e1reas. O Pa\u00eds, contudo, ainda deve em termos de regula\u00e7\u00e3o e enfrenta um problema cr\u00f4nico e dif\u00edcil de resolver: o que envolve a participa\u00e7\u00e3o de policiais em [&hellip;]<\/p>\n","protected":false},"author":8,"featured_media":3364,"comment_status":"open","ping_status":"open","sticky":false,"template":"","format":"standard","meta":{"_acf_changed":false,"footnotes":""},"categories":[1],"tags":[],"class_list":["post-3361","post","type-post","status-publish","format-standard","has-post-thumbnail","hentry","category-sem-categoria"],"acf":[],"_links":{"self":[{"href":"https:\/\/pos.uel.br\/ppgsoc\/wp-json\/wp\/v2\/posts\/3361","targetHints":{"allow":["GET"]}}],"collection":[{"href":"https:\/\/pos.uel.br\/ppgsoc\/wp-json\/wp\/v2\/posts"}],"about":[{"href":"https:\/\/pos.uel.br\/ppgsoc\/wp-json\/wp\/v2\/types\/post"}],"author":[{"embeddable":true,"href":"https:\/\/pos.uel.br\/ppgsoc\/wp-json\/wp\/v2\/users\/8"}],"replies":[{"embeddable":true,"href":"https:\/\/pos.uel.br\/ppgsoc\/wp-json\/wp\/v2\/comments?post=3361"}],"version-history":[{"count":2,"href":"https:\/\/pos.uel.br\/ppgsoc\/wp-json\/wp\/v2\/posts\/3361\/revisions"}],"predecessor-version":[{"id":3365,"href":"https:\/\/pos.uel.br\/ppgsoc\/wp-json\/wp\/v2\/posts\/3361\/revisions\/3365"}],"wp:featuredmedia":[{"embeddable":true,"href":"https:\/\/pos.uel.br\/ppgsoc\/wp-json\/wp\/v2\/media\/3364"}],"wp:attachment":[{"href":"https:\/\/pos.uel.br\/ppgsoc\/wp-json\/wp\/v2\/media?parent=3361"}],"wp:term":[{"taxonomy":"category","embeddable":true,"href":"https:\/\/pos.uel.br\/ppgsoc\/wp-json\/wp\/v2\/categories?post=3361"},{"taxonomy":"post_tag","embeddable":true,"href":"https:\/\/pos.uel.br\/ppgsoc\/wp-json\/wp\/v2\/tags?post=3361"}],"curies":[{"name":"wp","href":"https:\/\/api.w.org\/{rel}","templated":true}]}}