{"id":3231,"date":"2024-02-05T07:38:44","date_gmt":"2024-02-05T10:38:44","guid":{"rendered":"https:\/\/pos.uel.br\/ppgsoc\/?p=3231"},"modified":"2024-02-05T07:38:45","modified_gmt":"2024-02-05T10:38:45","slug":"editais-abdias-do-nascimento-oferecem-bolsas-a-pos-graduandos-em-ciencias-sociais","status":"publish","type":"post","link":"https:\/\/pos.uel.br\/ppgsoc\/sem-categoria\/2024\/02\/05\/editais-abdias-do-nascimento-oferecem-bolsas-a-pos-graduandos-em-ciencias-sociais\/","title":{"rendered":"Editais Abdias do Nascimento oferecem bolsas a p\u00f3s-graduandos em Ci\u00eancias Sociais"},"content":{"rendered":"\n<p>O projeto \u201cA\u00e7\u00f5es Afirmativas e Produ\u00e7\u00e3o Intelectual: As IES Estaduais da Regi\u00e3o Sul e Sudeste\u201d divulga nesta quinta (1\u00ba), em conformidade com a Capes, dois editais para a sele\u00e7\u00e3o de seis bolsas para pesquisadores de mestrado, doutorado e p\u00f3s-doutorado. O projeto est\u00e1 alocado no Programa de P\u00f3s-Gradua\u00e7\u00e3o em Sociologia (PPGSoc) da UEL, contemplado pelo Programa de Desenvolvimento Acad\u00eamico Abdias Nascimento e no \u00e2mbito do Programa de Desenvolvimento da P\u00f3s-Gradua\u00e7\u00e3o (PDPG) \u2013 Pol\u00edticas Afirmativas e Diversidade. Em dezembro de 2023,&nbsp;<a href=\"https:\/\/operobal.uel.br\/ciencia\/2023\/12\/13\/uel-e-contemplada-com-r-15-mi-em-edital-de-politicas-afirmativas-e-diversidade-da-capes\/\" target=\"_blank\" rel=\"noreferrer noopener\">a UEL foi contemplada com 11 bolsas de p\u00f3s-gradua\u00e7\u00e3o e um total de R$ 1,5 milh\u00e3o<\/a>, com recursos da Capes.<\/p>\n\n\n\n<p>O&nbsp;<a href=\"https:\/\/sites.uel.br\/leafro\/edital-abdias-do-nascimento-2024\/\" target=\"_blank\" rel=\"noreferrer noopener\">Edital Abdias n\u00b0 01\/2024<\/a>&nbsp;vai receber inscri\u00e7\u00f5es para a sele\u00e7\u00e3o de tr\u00eas pesquisadores de p\u00f3s-doutoramento. Das tr\u00eas bolsas, duas ser\u00e3o reservadas para pessoas negras, sendo a remanescente destinada a ampla concorr\u00eancia. As bolsas, que ter\u00e3o o valor de R$5.200,00 mensais pagas pela Capes, durar\u00e3o 12 meses. As inscri\u00e7\u00f5es ficam abertas at\u00e9 o dia 15 de fevereiro e podem ser feitas atrav\u00e9s da plataforma&nbsp;<a href=\"https:\/\/docs.google.com\/forms\/d\/e\/1FAIpQLSfTeTdlN6oCe_m_Bbpfh5ROSWQZy51JHFxNF9jPvGtUJUpBEQ\/viewform\" target=\"_blank\" rel=\"noreferrer noopener\">Google Forms<\/a>. Para concorrer, os candidatos devem ter produ\u00e7\u00e3o acad\u00eamica em conson\u00e2ncia com as \u00e1reas mencionadas no edital.<\/p>\n\n\n\n<p>J\u00e1 o&nbsp;<a href=\"https:\/\/sites.uel.br\/leafro\/edital-abdias-do-nascimento-2024\/\" target=\"_blank\" rel=\"noreferrer noopener\">Edital Abdias n\u00b0 02\/2024<\/a>&nbsp;vai oferecer duas bolsas para mestrandos e uma para doutorandos. As vagas s\u00e3o destinadas preferencialmente para o p\u00fablico-alvo do projeto: p\u00f3s-graduandos autodeclarados pretos, pardos, ind\u00edgenas, e estudantes com defici\u00eancia, transtornos globais do desenvolvimento e altas habilidades. O valor da bolsa de doutorado \u00e9 de R$3.100,00 mensais e de mestrado, R$2.100,00. A dura\u00e7\u00e3o para ambas as vagas \u00e9 de 12 meses. Assim como o outro edital, as inscri\u00e7\u00f5es v\u00e3o at\u00e9 15 de fevereiro, com a candidatura sendo enviada pelo&nbsp;<a href=\"https:\/\/docs.google.com\/forms\/d\/e\/1FAIpQLScTlKBU_B59-dkzj7x08SAxz1NkxPgMCbWJDGd_EXCiGfS23A\/viewform\" target=\"_blank\" rel=\"noreferrer noopener\">Google Forms<\/a>.&nbsp;Neste caso, o edital \u00e9 aberto a todos mestrandos e doutorandos em Ci\u00eancias Sociais.<\/p>\n\n\n\n<p>O projeto busca analisar se a implementa\u00e7\u00e3o de medidas de inclus\u00e3o na educa\u00e7\u00e3o superior contribuiu para a amplia\u00e7\u00e3o da diversidade nos corpos docente e discente, al\u00e9m de impactar na produ\u00e7\u00e3o acad\u00eamica de p\u00f3s-gradua\u00e7\u00e3o nos programas das universidades p\u00fablicas estaduais das regi\u00f5es Sul e Sudeste do Brasil, no intervalo de 2014 a 2023.<\/p>\n\n\n\n<p>*Texto e informa\u00e7\u00f5es retirados da p\u00e1gina <a href=\"https:\/\/operobal.uel.br\/pos-graduacao\/2024\/02\/01\/editais-abdias-do-nascimento-concedem-bolsas-a-pos-graduandos-em-ciencias-sociais\/\" data-type=\"link\" data-id=\"https:\/\/operobal.uel.br\/pos-graduacao\/2024\/02\/01\/editais-abdias-do-nascimento-concedem-bolsas-a-pos-graduandos-em-ciencias-sociais\/\">&#8220;O Perobal&#8221;<\/a><\/p>\n","protected":false},"excerpt":{"rendered":"<p>O projeto \u201cA\u00e7\u00f5es Afirmativas e Produ\u00e7\u00e3o Intelectual: As IES Estaduais da Regi\u00e3o Sul e Sudeste\u201d divulga nesta quinta (1\u00ba), em conformidade com a Capes, dois editais para a sele\u00e7\u00e3o de seis bolsas para pesquisadores de mestrado, doutorado e p\u00f3s-doutorado. O projeto est\u00e1 alocado no Programa de P\u00f3s-Gradua\u00e7\u00e3o em Sociologia (PPGSoc) da UEL, contemplado pelo Programa [&hellip;]<\/p>\n","protected":false},"author":8,"featured_media":3232,"comment_status":"open","ping_status":"open","sticky":false,"template":"","format":"standard","meta":{"_acf_changed":false,"footnotes":""},"categories":[1],"tags":[],"class_list":["post-3231","post","type-post","status-publish","format-standard","has-post-thumbnail","hentry","category-sem-categoria"],"acf":[],"_links":{"self":[{"href":"https:\/\/pos.uel.br\/ppgsoc\/wp-json\/wp\/v2\/posts\/3231","targetHints":{"allow":["GET"]}}],"collection":[{"href":"https:\/\/pos.uel.br\/ppgsoc\/wp-json\/wp\/v2\/posts"}],"about":[{"href":"https:\/\/pos.uel.br\/ppgsoc\/wp-json\/wp\/v2\/types\/post"}],"author":[{"embeddable":true,"href":"https:\/\/pos.uel.br\/ppgsoc\/wp-json\/wp\/v2\/users\/8"}],"replies":[{"embeddable":true,"href":"https:\/\/pos.uel.br\/ppgsoc\/wp-json\/wp\/v2\/comments?post=3231"}],"version-history":[{"count":1,"href":"https:\/\/pos.uel.br\/ppgsoc\/wp-json\/wp\/v2\/posts\/3231\/revisions"}],"predecessor-version":[{"id":3233,"href":"https:\/\/pos.uel.br\/ppgsoc\/wp-json\/wp\/v2\/posts\/3231\/revisions\/3233"}],"wp:featuredmedia":[{"embeddable":true,"href":"https:\/\/pos.uel.br\/ppgsoc\/wp-json\/wp\/v2\/media\/3232"}],"wp:attachment":[{"href":"https:\/\/pos.uel.br\/ppgsoc\/wp-json\/wp\/v2\/media?parent=3231"}],"wp:term":[{"taxonomy":"category","embeddable":true,"href":"https:\/\/pos.uel.br\/ppgsoc\/wp-json\/wp\/v2\/categories?post=3231"},{"taxonomy":"post_tag","embeddable":true,"href":"https:\/\/pos.uel.br\/ppgsoc\/wp-json\/wp\/v2\/tags?post=3231"}],"curies":[{"name":"wp","href":"https:\/\/api.w.org\/{rel}","templated":true}]}}