{"id":3215,"date":"2024-01-29T10:18:35","date_gmt":"2024-01-29T13:18:35","guid":{"rendered":"https:\/\/pos.uel.br\/ppgsoc\/?p=3215"},"modified":"2024-01-29T10:18:36","modified_gmt":"2024-01-29T13:18:36","slug":"racionais-entre-o-gatilho-e-a-tempestade-com-a-profa-dra-daniela-vieira-e-um-episodio-do-guilhotina-podcast-do-le-monde-diplomatique-brasil","status":"publish","type":"post","link":"https:\/\/pos.uel.br\/ppgsoc\/sem-categoria\/2024\/01\/29\/racionais-entre-o-gatilho-e-a-tempestade-com-a-profa-dra-daniela-vieira-e-um-episodio-do-guilhotina-podcast-do-le-monde-diplomatique-brasil\/","title":{"rendered":"&#8220;Racionais: entre o gatilho e a tempestade&#8221;, com a Profa. Dra. Daniela Vieira \u00e9 um epis\u00f3dio do &#8220;Guilhotina&#8221;, podcast do Le Monde  Diplomatique Brasil"},"content":{"rendered":"\n<p><\/p>\n\n\n\n<p>Em 26 de janeiro, foi ao ar o epis\u00f3dio &#8220;Racionais: entre o gatilho e a tempestade&#8221;, t\u00edtulo do livro (Ed. Perspectiva; <a href=\"http:\/\/tinyurl.com\/bdf7tcat\">saiba mais<\/a>) da soci\u00f3loga Daniela Vieira, organizado em parceira com Jaqueline Lima Santos, lan\u00e7ado em 2023.  <\/p>\n\n\n\n<p>Doutora em Sociologia pela Unicamp com est\u00e1gio no King\u2019s College de Londres, Daniela \u00e9 professora de Sociologia no Departamento de Ci\u00eancias Sociais da Universidade Estadual de Londrina (UEL). Ela dirige, em parceria com Jaqueline Lima Santos, a cole\u00e7\u00e3o de livros \u201cHip-Hop em Perspectiva\u201d e a linha de pesquisa \u201cHip-Hop em Tr\u00e2nsito\u201d, da Unicamp, e \u00e9 autora de \u201cN\u00e3o V\u00e1 se Perder Por A\u00ed: A Trajet\u00f3ria dos Mutantes\u201d, publicado em 2010.<\/p>\n\n\n\n<p>FICHA T\u00c9CNICA<\/p>\n\n\n\n<p>O \u201cGuilhotina\u201d \u00e9 o podcast do Le Monde Diplomatique Brasil, com apoio t\u00e9cnico da\u00a0<a href=\"https:\/\/radiotertulia.com.br\/\" target=\"_blank\" rel=\"noreferrer noopener\">R\u00e1dio Tert\u00falia<\/a>. Apresenta\u00e7\u00e3o e produ\u00e7\u00e3o: Bianca Pyl e Lu\u00eds Brasilino. Capta\u00e7\u00e3o, edi\u00e7\u00e3o e sonoriza\u00e7\u00e3o: Beatriz Pasqualino. Arte: Helen Saori<br><br>Informa\u00e7\u00f5es retiradas da descri\u00e7\u00e3o do epis\u00f3dio. Para acess\u00e1-lo <a href=\"https:\/\/open.spotify.com\/show\/6dvrYjHmxjz9pqBzCk4Y81\">clique aqui<\/a>.<\/p>\n\n\n\n<figure class=\"wp-block-image size-large\"><img loading=\"lazy\" decoding=\"async\" width=\"1024\" height=\"310\" src=\"https:\/\/pos.uel.br\/ppgsoc\/wp-content\/uploads\/2024\/01\/WhatsApp-Image-2024-01-29-at-10.17.11-1024x310.jpeg\" alt=\"\" class=\"wp-image-3216\" srcset=\"https:\/\/pos.uel.br\/ppgsoc\/wp-content\/uploads\/2024\/01\/WhatsApp-Image-2024-01-29-at-10.17.11-1024x310.jpeg 1024w, https:\/\/pos.uel.br\/ppgsoc\/wp-content\/uploads\/2024\/01\/WhatsApp-Image-2024-01-29-at-10.17.11-300x91.jpeg 300w, https:\/\/pos.uel.br\/ppgsoc\/wp-content\/uploads\/2024\/01\/WhatsApp-Image-2024-01-29-at-10.17.11-768x232.jpeg 768w, https:\/\/pos.uel.br\/ppgsoc\/wp-content\/uploads\/2024\/01\/WhatsApp-Image-2024-01-29-at-10.17.11.jpeg 1193w\" sizes=\"auto, (max-width: 1024px) 100vw, 1024px\" \/><\/figure>\n","protected":false},"excerpt":{"rendered":"<p>Em 26 de janeiro, foi ao ar o epis\u00f3dio &#8220;Racionais: entre o gatilho e a tempestade&#8221;, t\u00edtulo do livro (Ed. Perspectiva; saiba mais) da soci\u00f3loga Daniela Vieira, organizado em parceira com Jaqueline Lima Santos, lan\u00e7ado em 2023. Doutora em Sociologia pela Unicamp com est\u00e1gio no King\u2019s College de Londres, Daniela \u00e9 professora de Sociologia no [&hellip;]<\/p>\n","protected":false},"author":8,"featured_media":3216,"comment_status":"open","ping_status":"open","sticky":false,"template":"","format":"standard","meta":{"_acf_changed":false,"footnotes":""},"categories":[1],"tags":[],"class_list":["post-3215","post","type-post","status-publish","format-standard","has-post-thumbnail","hentry","category-sem-categoria"],"acf":[],"_links":{"self":[{"href":"https:\/\/pos.uel.br\/ppgsoc\/wp-json\/wp\/v2\/posts\/3215","targetHints":{"allow":["GET"]}}],"collection":[{"href":"https:\/\/pos.uel.br\/ppgsoc\/wp-json\/wp\/v2\/posts"}],"about":[{"href":"https:\/\/pos.uel.br\/ppgsoc\/wp-json\/wp\/v2\/types\/post"}],"author":[{"embeddable":true,"href":"https:\/\/pos.uel.br\/ppgsoc\/wp-json\/wp\/v2\/users\/8"}],"replies":[{"embeddable":true,"href":"https:\/\/pos.uel.br\/ppgsoc\/wp-json\/wp\/v2\/comments?post=3215"}],"version-history":[{"count":1,"href":"https:\/\/pos.uel.br\/ppgsoc\/wp-json\/wp\/v2\/posts\/3215\/revisions"}],"predecessor-version":[{"id":3217,"href":"https:\/\/pos.uel.br\/ppgsoc\/wp-json\/wp\/v2\/posts\/3215\/revisions\/3217"}],"wp:featuredmedia":[{"embeddable":true,"href":"https:\/\/pos.uel.br\/ppgsoc\/wp-json\/wp\/v2\/media\/3216"}],"wp:attachment":[{"href":"https:\/\/pos.uel.br\/ppgsoc\/wp-json\/wp\/v2\/media?parent=3215"}],"wp:term":[{"taxonomy":"category","embeddable":true,"href":"https:\/\/pos.uel.br\/ppgsoc\/wp-json\/wp\/v2\/categories?post=3215"},{"taxonomy":"post_tag","embeddable":true,"href":"https:\/\/pos.uel.br\/ppgsoc\/wp-json\/wp\/v2\/tags?post=3215"}],"curies":[{"name":"wp","href":"https:\/\/api.w.org\/{rel}","templated":true}]}}