{"id":3208,"date":"2024-01-18T11:02:26","date_gmt":"2024-01-18T14:02:26","guid":{"rendered":"https:\/\/pos.uel.br\/ppgsoc\/?p=3208"},"modified":"2024-01-18T11:02:27","modified_gmt":"2024-01-18T14:02:27","slug":"askesis-chamada-para-artigos-dossie-brasil-contemporaneo-desigualdades-e-mobilidades-sociais-a-partir-de-uma-perspectiva-interseccional","status":"publish","type":"post","link":"https:\/\/pos.uel.br\/ppgsoc\/sem-categoria\/2024\/01\/18\/askesis-chamada-para-artigos-dossie-brasil-contemporaneo-desigualdades-e-mobilidades-sociais-a-partir-de-uma-perspectiva-interseccional\/","title":{"rendered":"[\u00c1skesis] Chamada para artigos &#8211; DOSSI\u00ca:\u00a0&#8220;Brasil contempor\u00e2neo: desigualdades e mobilidades sociais a partir de uma perspectiva interseccional&#8221;"},"content":{"rendered":"\n<p>Segue para conhecimento e divulga\u00e7\u00e3o a chamada do dossi\u00ea:&nbsp;<strong>&#8220;<\/strong><a href=\"https:\/\/www.revistaaskesis.ufscar.br\/index.php\/askesis\/announcement\/view\/27\" target=\"_blank\" rel=\"noreferrer noopener\">Brasil contempor\u00e2neo: desigualdades e mobilidades sociais a partir de uma perspectiva interseccional<\/a><strong>&#8221;&nbsp;<\/strong>que ir\u00e1 compor o n\u00famero 02 (Julho-Dezembro) de 2023 da&nbsp;<em>Revista \u00c1skesis<\/em>&nbsp;(<em>Qualis B3<\/em>). A Revista recebe tamb\u00e9m contribui\u00e7\u00f5es em fluxo cont\u00ednuo de&nbsp;<em>artigos livres, relatos de pesquisa e ensaios<\/em>&nbsp;em portugu\u00eas, ingl\u00eas e espanhol.<\/p>\n\n\n\n<p><strong>PROPOSTA:<\/strong><\/p>\n\n\n\n<p id=\"m_5271274914064551399m_-992153357367089838gmail-E56\">O presente dossi\u00ea tem como objetivo reunir trabalhos que discutam formas de desigualdade e mobilidade social no Brasil recente. As possibilidades de mobilidade social foram impulsionadas, especificamente entre a d\u00e9cada de 2000 e de 2010, a partir da implementa\u00e7\u00e3o de uma s\u00e9rie de pol\u00edticas de cunho social e econ\u00f4mico, atrav\u00e9s das quais minorias sociais puderam vislumbrar expectativas de mudan\u00e7a em suas vidas e nas de suas fam\u00edlias, a exemplo das A\u00e7\u00f5es Afirmativas, do Programa de Reestrutura\u00e7\u00e3o e Expans\u00e3o das Universidades Federais (REUNI) e de programas de transfer\u00eancia de renda, como o Bolsa Fam\u00edlia. Contudo, essas mudan\u00e7as encontraram barreiras a partir da ascens\u00e3o de uma l\u00f3gica neoliberal a partir do ano de 2016, com governos que adotaram pol\u00edticas de austeridade e uma ampla desregulamenta\u00e7\u00e3o de direitos sociais e trabalhistas.<\/p>\n\n\n\n<p id=\"m_5271274914064551399m_-992153357367089838gmail-E58\">Nesse sentido, buscamos trabalhos que apontem para as formas de resist\u00eancias e de ag\u00eancia dos\/as sujeitos\/as frente a esse contexto brasileiro. Entendemos a import\u00e2ncia de articular de modo interseccional diferentes categorias, especialmente os aspectos de ra\u00e7a, classe, g\u00eanero, sexualidade, nacionalidade, entre outras a fim de compreender as a\u00e7\u00f5es dos sujeitos que alcan\u00e7aram e\/ou buscam alcan\u00e7ar alguma forma de mobilidade social. Consideramos a import\u00e2ncia de trabalhos que fa\u00e7am uso de diferentes m\u00e9todos de pesquisa como: an\u00e1lises documentais, an\u00e1lises de conte\u00fado, trajet\u00f3rias e hist\u00f3rias de vida e etnografias que articulem ag\u00eancia e estrutura. Desse modo, acreditamos que uma pluralidade metodol\u00f3gica possa auxiliar na compreens\u00e3o desse complexo processo social.<\/p>\n\n\n\n<p id=\"m_5271274914064551399m_-992153357367089838gmail-E58\">A organiza\u00e7\u00e3o do dossi\u00ea ser\u00e1 feita por Denise Santos Ribeiro, Leilyane Souza Le\u00e3o e Pamela Barbosa Martins.<\/p>\n\n\n\n<p id=\"m_5271274914064551399m_-992153357367089838gmail-E58\">Submiss\u00f5es at\u00e9: 15&nbsp; de mar\u00e7o de 2024 pelo endere\u00e7o eletr\u00f4nico da revista:&nbsp;<a href=\"https:\/\/www.revistaaskesis.ufscar.br\/index.php\/askesis\/about\/submissions\" target=\"_blank\" rel=\"noreferrer noopener\">\u00c1skesis<\/a>.&nbsp;<\/p>\n\n\n\n<figure class=\"wp-block-image size-full\"><img decoding=\"async\" src=\"https:\/\/pos.uel.br\/ppgsoc\/wp-content\/uploads\/2024\/01\/WhatsApp-Image-2024-01-18-at-11.00.50.jpeg\" alt=\"\" class=\"wp-image-3209\" \/><\/figure>\n","protected":false},"excerpt":{"rendered":"<p>Segue para conhecimento e divulga\u00e7\u00e3o a chamada do dossi\u00ea:&nbsp;&#8220;Brasil contempor\u00e2neo: desigualdades e mobilidades sociais a partir de uma perspectiva interseccional&#8221;&nbsp;que ir\u00e1 compor o n\u00famero 02 (Julho-Dezembro) de 2023 da&nbsp;Revista \u00c1skesis&nbsp;(Qualis B3). A Revista recebe tamb\u00e9m contribui\u00e7\u00f5es em fluxo cont\u00ednuo de&nbsp;artigos livres, relatos de pesquisa e ensaios&nbsp;em portugu\u00eas, ingl\u00eas e espanhol. PROPOSTA: O presente dossi\u00ea tem [&hellip;]<\/p>\n","protected":false},"author":8,"featured_media":3209,"comment_status":"open","ping_status":"open","sticky":false,"template":"","format":"standard","meta":{"_acf_changed":false,"footnotes":""},"categories":[1],"tags":[],"class_list":["post-3208","post","type-post","status-publish","format-standard","has-post-thumbnail","hentry","category-sem-categoria"],"acf":[],"_links":{"self":[{"href":"https:\/\/pos.uel.br\/ppgsoc\/wp-json\/wp\/v2\/posts\/3208","targetHints":{"allow":["GET"]}}],"collection":[{"href":"https:\/\/pos.uel.br\/ppgsoc\/wp-json\/wp\/v2\/posts"}],"about":[{"href":"https:\/\/pos.uel.br\/ppgsoc\/wp-json\/wp\/v2\/types\/post"}],"author":[{"embeddable":true,"href":"https:\/\/pos.uel.br\/ppgsoc\/wp-json\/wp\/v2\/users\/8"}],"replies":[{"embeddable":true,"href":"https:\/\/pos.uel.br\/ppgsoc\/wp-json\/wp\/v2\/comments?post=3208"}],"version-history":[{"count":1,"href":"https:\/\/pos.uel.br\/ppgsoc\/wp-json\/wp\/v2\/posts\/3208\/revisions"}],"predecessor-version":[{"id":3210,"href":"https:\/\/pos.uel.br\/ppgsoc\/wp-json\/wp\/v2\/posts\/3208\/revisions\/3210"}],"wp:featuredmedia":[{"embeddable":true,"href":"https:\/\/pos.uel.br\/ppgsoc\/wp-json\/wp\/v2\/media\/3209"}],"wp:attachment":[{"href":"https:\/\/pos.uel.br\/ppgsoc\/wp-json\/wp\/v2\/media?parent=3208"}],"wp:term":[{"taxonomy":"category","embeddable":true,"href":"https:\/\/pos.uel.br\/ppgsoc\/wp-json\/wp\/v2\/categories?post=3208"},{"taxonomy":"post_tag","embeddable":true,"href":"https:\/\/pos.uel.br\/ppgsoc\/wp-json\/wp\/v2\/tags?post=3208"}],"curies":[{"name":"wp","href":"https:\/\/api.w.org\/{rel}","templated":true}]}}