{"id":3205,"date":"2024-01-18T10:53:05","date_gmt":"2024-01-18T13:53:05","guid":{"rendered":"https:\/\/pos.uel.br\/ppgsoc\/?p=3205"},"modified":"2024-01-18T10:53:05","modified_gmt":"2024-01-18T13:53:05","slug":"o-corpo-editorial-da-revista-discente-askesis-recebe-propostas-de-dossies-tematicos","status":"publish","type":"post","link":"https:\/\/pos.uel.br\/ppgsoc\/sem-categoria\/2024\/01\/18\/o-corpo-editorial-da-revista-discente-askesis-recebe-propostas-de-dossies-tematicos\/","title":{"rendered":"O Corpo Editorial da Revista Discente \u00c1skesis recebe propostas de dossi\u00eas tem\u00e1ticos"},"content":{"rendered":"\n<p>O Corpo Editorial da Revista Discente \u00c1skesis (2238-3069 &#8211; Qualis B3), vinculada ao Programa de P\u00f3s-gradua\u00e7\u00e3o em Sociologia da Universidade Federal de S\u00e3o Carlos (UFSCar), de car\u00e1ter p\u00fablico e periodicidade semestral, convida membros\/as da comunidade acad\u00eamica e pesquisadores\/as a apresentarem propostas de dossi\u00eas tem\u00e1ticos. Ser\u00e3o selecionados dois (2) dossi\u00eas, e a publica\u00e7\u00e3o acontecer\u00e1 em cada edi\u00e7\u00e3o semestral da revista, no ano de 2024.<br>Per\u00edodo de Submiss\u00f5es: 01 de Janeiro a 01 de mar\u00e7o de 2024.<br>Mais informa\u00e7\u00f5es:\u00a0<a href=\"https:\/\/www.revistaaskesis.ufscar.br\/index.php\/askesis\/announcement\/view\/28\" target=\"_blank\" rel=\"noreferrer noopener\">https:\/\/www.revistaaskesis.ufscar.br\/index.php\/askesis\/announcement\/view\/28<\/a><\/p>\n\n\n\n<figure class=\"wp-block-image size-full\"><img loading=\"lazy\" decoding=\"async\" width=\"960\" height=\"960\" src=\"https:\/\/pos.uel.br\/ppgsoc\/wp-content\/uploads\/2024\/01\/418738190_882091883924421_2604923511821473819_n.jpg\" alt=\"\" class=\"wp-image-3206\" srcset=\"https:\/\/pos.uel.br\/ppgsoc\/wp-content\/uploads\/2024\/01\/418738190_882091883924421_2604923511821473819_n.jpg 960w, https:\/\/pos.uel.br\/ppgsoc\/wp-content\/uploads\/2024\/01\/418738190_882091883924421_2604923511821473819_n-300x300.jpg 300w, https:\/\/pos.uel.br\/ppgsoc\/wp-content\/uploads\/2024\/01\/418738190_882091883924421_2604923511821473819_n-150x150.jpg 150w, https:\/\/pos.uel.br\/ppgsoc\/wp-content\/uploads\/2024\/01\/418738190_882091883924421_2604923511821473819_n-768x768.jpg 768w\" sizes=\"auto, (max-width: 960px) 100vw, 960px\" \/><\/figure>\n","protected":false},"excerpt":{"rendered":"<p>O Corpo Editorial da Revista Discente \u00c1skesis (2238-3069 &#8211; Qualis B3), vinculada ao Programa de P\u00f3s-gradua\u00e7\u00e3o em Sociologia da Universidade Federal de S\u00e3o Carlos (UFSCar), de car\u00e1ter p\u00fablico e periodicidade semestral, convida membros\/as da comunidade acad\u00eamica e pesquisadores\/as a apresentarem propostas de dossi\u00eas tem\u00e1ticos. Ser\u00e3o selecionados dois (2) dossi\u00eas, e a publica\u00e7\u00e3o acontecer\u00e1 em cada [&hellip;]<\/p>\n","protected":false},"author":8,"featured_media":3206,"comment_status":"open","ping_status":"open","sticky":false,"template":"","format":"standard","meta":{"_acf_changed":false,"footnotes":""},"categories":[1],"tags":[],"class_list":["post-3205","post","type-post","status-publish","format-standard","has-post-thumbnail","hentry","category-sem-categoria"],"acf":[],"_links":{"self":[{"href":"https:\/\/pos.uel.br\/ppgsoc\/wp-json\/wp\/v2\/posts\/3205","targetHints":{"allow":["GET"]}}],"collection":[{"href":"https:\/\/pos.uel.br\/ppgsoc\/wp-json\/wp\/v2\/posts"}],"about":[{"href":"https:\/\/pos.uel.br\/ppgsoc\/wp-json\/wp\/v2\/types\/post"}],"author":[{"embeddable":true,"href":"https:\/\/pos.uel.br\/ppgsoc\/wp-json\/wp\/v2\/users\/8"}],"replies":[{"embeddable":true,"href":"https:\/\/pos.uel.br\/ppgsoc\/wp-json\/wp\/v2\/comments?post=3205"}],"version-history":[{"count":1,"href":"https:\/\/pos.uel.br\/ppgsoc\/wp-json\/wp\/v2\/posts\/3205\/revisions"}],"predecessor-version":[{"id":3207,"href":"https:\/\/pos.uel.br\/ppgsoc\/wp-json\/wp\/v2\/posts\/3205\/revisions\/3207"}],"wp:featuredmedia":[{"embeddable":true,"href":"https:\/\/pos.uel.br\/ppgsoc\/wp-json\/wp\/v2\/media\/3206"}],"wp:attachment":[{"href":"https:\/\/pos.uel.br\/ppgsoc\/wp-json\/wp\/v2\/media?parent=3205"}],"wp:term":[{"taxonomy":"category","embeddable":true,"href":"https:\/\/pos.uel.br\/ppgsoc\/wp-json\/wp\/v2\/categories?post=3205"},{"taxonomy":"post_tag","embeddable":true,"href":"https:\/\/pos.uel.br\/ppgsoc\/wp-json\/wp\/v2\/tags?post=3205"}],"curies":[{"name":"wp","href":"https:\/\/api.w.org\/{rel}","templated":true}]}}