{"id":3117,"date":"2023-11-25T11:27:15","date_gmt":"2023-11-25T14:27:15","guid":{"rendered":"https:\/\/pos.uel.br\/ppgsoc\/?p=3117"},"modified":"2023-11-25T11:27:16","modified_gmt":"2023-11-25T14:27:16","slug":"mestrado-profissional-em-sociologia-profsocio-prorroga-inscricoes-ate-1o-de-dezembro","status":"publish","type":"post","link":"https:\/\/pos.uel.br\/ppgsoc\/sem-categoria\/2023\/11\/25\/mestrado-profissional-em-sociologia-profsocio-prorroga-inscricoes-ate-1o-de-dezembro\/","title":{"rendered":"Mestrado Profissional em Sociologia (ProfSocio) prorroga inscri\u00e7\u00f5es at\u00e9 1\u00ba de dezembro"},"content":{"rendered":"\n<p>O Programa de Mestrado Profissional de Sociologia em Rede Nacional P\u00f3s-Gradua\u00e7\u00e3o Stricto Sensu (<a href=\"https:\/\/profsocio.ufc.br\/pt\/inicio\/\">ProfSocio<\/a>) prorrogou por mais 8 dias as inscri\u00e7\u00f5es para o Mestrado. As candidaturas podem ser realizadas at\u00e9 1\u00ba de dezembro atrav\u00e9s do formul\u00e1rio de inscri\u00e7\u00e3o.<\/p>\n\n\n\n<p>O ProfSocio, inserido no Programa de Mestrado Profissional para Qualifica\u00e7\u00e3o de Professores da Rede P\u00fablica de Educa\u00e7\u00e3o B\u00e1sica (<a href=\"https:\/\/www.gov.br\/capes\/pt-br\/acesso-a-informacao\/acoes-e-programas\/educacao-a-distancia\/proeb\">ProEB<\/a>), visa a forma\u00e7\u00e3o de Mestres em Sociologia para educadores de Ci\u00eancias Humanas e Sociais Aplicadas, oferecendo simultaneidade nacional.<\/p>\n\n\n\n<p>Com tr\u00eas linhas de pesquisa \u2013 Educa\u00e7\u00e3o, Escola e Sociedade; Juventude e Quest\u00f5es Contempor\u00e2neas; Pr\u00e1ticas de Ensino e Conte\u00fados Curriculares \u2013 o ProfSocio tem uma dura\u00e7\u00e3o de 2 anos. Na UEL, foram disponibilizadas 10 vagas para a realiza\u00e7\u00e3o do curso de p\u00f3s-gradua\u00e7\u00e3o.<\/p>\n\n\n\n<p>Para esclarecer d\u00favidas adicionais, os interessados podem acessar este\u00a0<a href=\"https:\/\/pos.uel.br\/profsocio\/processo-seletivo-2023\/\">link<\/a>.<\/p>\n\n\n\n<figure class=\"wp-block-image size-large is-resized\"><img loading=\"lazy\" decoding=\"async\" width=\"1024\" height=\"991\" src=\"https:\/\/pos.uel.br\/ppgsoc\/wp-content\/uploads\/2023\/11\/WhatsApp-Image-2023-11-08-at-17.52.04-1024x991.jpeg\" alt=\"\" class=\"wp-image-3118\" style=\"width:1206px;height:auto\" srcset=\"https:\/\/pos.uel.br\/ppgsoc\/wp-content\/uploads\/2023\/11\/WhatsApp-Image-2023-11-08-at-17.52.04-1024x991.jpeg 1024w, https:\/\/pos.uel.br\/ppgsoc\/wp-content\/uploads\/2023\/11\/WhatsApp-Image-2023-11-08-at-17.52.04-300x290.jpeg 300w, https:\/\/pos.uel.br\/ppgsoc\/wp-content\/uploads\/2023\/11\/WhatsApp-Image-2023-11-08-at-17.52.04-768x743.jpeg 768w, https:\/\/pos.uel.br\/ppgsoc\/wp-content\/uploads\/2023\/11\/WhatsApp-Image-2023-11-08-at-17.52.04.jpeg 1080w\" sizes=\"auto, (max-width: 1024px) 100vw, 1024px\" \/><\/figure>\n\n\n\n<p>Informa\u00e7\u00f5es Gerais e auxiliadoras aos interessados(as):<\/p>\n\n\n\n<p>&nbsp;&#8211; Edital de Abertura e PRORROGA\u00c7\u00c3O, Formul\u00e1rios, outros:<br><a href=\"https:\/\/pos.uel.br\/profsocio\/processo-seletivo-2023\/\" rel=\"noreferrer noopener\" target=\"_blank\">https:\/\/pos.uel.br\/profsocio\/processo-seletivo-2023\/<\/a><\/p>\n\n\n\n<p>&#8211; Como elaborar a documenta\u00e7\u00e3o exigida para inscri\u00e7\u00e3o:<\/p>\n\n\n\n<p>V\u00eddeos:&nbsp;<a href=\"https:\/\/pos.uel.br\/profsocio\/videos-orientacao-processo-seletivo\/\" rel=\"noreferrer noopener\" target=\"_blank\">https:\/\/pos.uel.br\/profsocio\/videos-orientacao-processo-seletivo\/<\/a><\/p>\n\n\n\n<p>Oficina:&nbsp;&nbsp;<a href=\"https:\/\/www.youtube.com\/watch?v=rMh7IWF36kw\" rel=\"noreferrer noopener\" target=\"_blank\">https:\/\/www.youtube.com\/watch?v=rMh7IWF36kw<\/a><\/p>\n","protected":false},"excerpt":{"rendered":"<p>O Programa de Mestrado Profissional de Sociologia em Rede Nacional P\u00f3s-Gradua\u00e7\u00e3o Stricto Sensu (ProfSocio) prorrogou por mais 8 dias as inscri\u00e7\u00f5es para o Mestrado. As candidaturas podem ser realizadas at\u00e9 1\u00ba de dezembro atrav\u00e9s do formul\u00e1rio de inscri\u00e7\u00e3o. O ProfSocio, inserido no Programa de Mestrado Profissional para Qualifica\u00e7\u00e3o de Professores da Rede P\u00fablica de Educa\u00e7\u00e3o [&hellip;]<\/p>\n","protected":false},"author":8,"featured_media":3121,"comment_status":"open","ping_status":"open","sticky":false,"template":"","format":"standard","meta":{"_acf_changed":false,"footnotes":""},"categories":[1],"tags":[],"class_list":["post-3117","post","type-post","status-publish","format-standard","has-post-thumbnail","hentry","category-sem-categoria"],"acf":[],"_links":{"self":[{"href":"https:\/\/pos.uel.br\/ppgsoc\/wp-json\/wp\/v2\/posts\/3117","targetHints":{"allow":["GET"]}}],"collection":[{"href":"https:\/\/pos.uel.br\/ppgsoc\/wp-json\/wp\/v2\/posts"}],"about":[{"href":"https:\/\/pos.uel.br\/ppgsoc\/wp-json\/wp\/v2\/types\/post"}],"author":[{"embeddable":true,"href":"https:\/\/pos.uel.br\/ppgsoc\/wp-json\/wp\/v2\/users\/8"}],"replies":[{"embeddable":true,"href":"https:\/\/pos.uel.br\/ppgsoc\/wp-json\/wp\/v2\/comments?post=3117"}],"version-history":[{"count":1,"href":"https:\/\/pos.uel.br\/ppgsoc\/wp-json\/wp\/v2\/posts\/3117\/revisions"}],"predecessor-version":[{"id":3122,"href":"https:\/\/pos.uel.br\/ppgsoc\/wp-json\/wp\/v2\/posts\/3117\/revisions\/3122"}],"wp:featuredmedia":[{"embeddable":true,"href":"https:\/\/pos.uel.br\/ppgsoc\/wp-json\/wp\/v2\/media\/3121"}],"wp:attachment":[{"href":"https:\/\/pos.uel.br\/ppgsoc\/wp-json\/wp\/v2\/media?parent=3117"}],"wp:term":[{"taxonomy":"category","embeddable":true,"href":"https:\/\/pos.uel.br\/ppgsoc\/wp-json\/wp\/v2\/categories?post=3117"},{"taxonomy":"post_tag","embeddable":true,"href":"https:\/\/pos.uel.br\/ppgsoc\/wp-json\/wp\/v2\/tags?post=3117"}],"curies":[{"name":"wp","href":"https:\/\/api.w.org\/{rel}","templated":true}]}}