{"id":3095,"date":"2023-11-15T15:56:33","date_gmt":"2023-11-15T18:56:33","guid":{"rendered":"https:\/\/pos.uel.br\/ppgsoc\/?p=3095"},"modified":"2023-11-15T15:56:34","modified_gmt":"2023-11-15T18:56:34","slug":"noticia-publicada-no-site-fonte-segura-encenando-a-seguranca-o-caso-da-glo","status":"publish","type":"post","link":"https:\/\/pos.uel.br\/ppgsoc\/sem-categoria\/2023\/11\/15\/noticia-publicada-no-site-fonte-segura-encenando-a-seguranca-o-caso-da-glo\/","title":{"rendered":"Not\u00edcia publicada no site &#8220;Fonte Segura&#8221; &#8211; Encenando a Seguran\u00e7a: O Caso da Glo"},"content":{"rendered":"\n<p>Foi publicado no portal de not\u00edcias do F\u00f3rum Brasileiro de Seguran\u00e7a P\u00fablica o texto &#8220;Encenando a Seguran\u00e7a: O caso da Glo\/ Recursos tempor\u00e1rios n\u00e3o resolver\u00e3o problemas enfrentados h\u00e1 tempos pelos auditores da receita federal, agentes da pol\u00edcia federal, guardas portu\u00e1rios e outros profissionais que combatem o crime organizado no dia a dia&#8221;. Os autores s\u00e3o \u00a0Gabriel Patriarca, colaborador do LEGS\/UEL, e Cleber Lopes, coordenador do LEGS\/UEL. <\/p>\n\n\n\n<figure class=\"wp-block-image size-large is-resized\"><img loading=\"lazy\" decoding=\"async\" width=\"1024\" height=\"428\" src=\"https:\/\/pos.uel.br\/ppgsoc\/wp-content\/uploads\/2023\/11\/WhatsApp-Image-2023-11-15-at-15.54.08-1024x428.jpeg\" alt=\"\" class=\"wp-image-3096\" style=\"width:1206px;height:auto\" srcset=\"https:\/\/pos.uel.br\/ppgsoc\/wp-content\/uploads\/2023\/11\/WhatsApp-Image-2023-11-15-at-15.54.08-1024x428.jpeg 1024w, https:\/\/pos.uel.br\/ppgsoc\/wp-content\/uploads\/2023\/11\/WhatsApp-Image-2023-11-15-at-15.54.08-300x125.jpeg 300w, https:\/\/pos.uel.br\/ppgsoc\/wp-content\/uploads\/2023\/11\/WhatsApp-Image-2023-11-15-at-15.54.08-768x321.jpeg 768w, https:\/\/pos.uel.br\/ppgsoc\/wp-content\/uploads\/2023\/11\/WhatsApp-Image-2023-11-15-at-15.54.08-1536x641.jpeg 1536w, https:\/\/pos.uel.br\/ppgsoc\/wp-content\/uploads\/2023\/11\/WhatsApp-Image-2023-11-15-at-15.54.08.jpeg 1600w\" sizes=\"auto, (max-width: 1024px) 100vw, 1024px\" \/><\/figure>\n\n\n\n<p>Acesse o texto na \u00edntegra <a href=\"https:\/\/fontesegura.forumseguranca.org.br\/encenando-a-seguranca-o-caso-da-glo\/\" data-type=\"link\" data-id=\"https:\/\/fontesegura.forumseguranca.org.br\/encenando-a-seguranca-o-caso-da-glo\/\">clicando aqui<\/a>.<\/p>\n","protected":false},"excerpt":{"rendered":"<p>Foi publicado no portal de not\u00edcias do F\u00f3rum Brasileiro de Seguran\u00e7a P\u00fablica o texto &#8220;Encenando a Seguran\u00e7a: O caso da Glo\/ Recursos tempor\u00e1rios n\u00e3o resolver\u00e3o problemas enfrentados h\u00e1 tempos pelos auditores da receita federal, agentes da pol\u00edcia federal, guardas portu\u00e1rios e outros profissionais que combatem o crime organizado no dia a dia&#8221;. Os autores s\u00e3o [&hellip;]<\/p>\n","protected":false},"author":8,"featured_media":3096,"comment_status":"open","ping_status":"open","sticky":false,"template":"","format":"standard","meta":{"_acf_changed":false,"footnotes":""},"categories":[1],"tags":[],"class_list":["post-3095","post","type-post","status-publish","format-standard","has-post-thumbnail","hentry","category-sem-categoria"],"acf":[],"_links":{"self":[{"href":"https:\/\/pos.uel.br\/ppgsoc\/wp-json\/wp\/v2\/posts\/3095","targetHints":{"allow":["GET"]}}],"collection":[{"href":"https:\/\/pos.uel.br\/ppgsoc\/wp-json\/wp\/v2\/posts"}],"about":[{"href":"https:\/\/pos.uel.br\/ppgsoc\/wp-json\/wp\/v2\/types\/post"}],"author":[{"embeddable":true,"href":"https:\/\/pos.uel.br\/ppgsoc\/wp-json\/wp\/v2\/users\/8"}],"replies":[{"embeddable":true,"href":"https:\/\/pos.uel.br\/ppgsoc\/wp-json\/wp\/v2\/comments?post=3095"}],"version-history":[{"count":1,"href":"https:\/\/pos.uel.br\/ppgsoc\/wp-json\/wp\/v2\/posts\/3095\/revisions"}],"predecessor-version":[{"id":3097,"href":"https:\/\/pos.uel.br\/ppgsoc\/wp-json\/wp\/v2\/posts\/3095\/revisions\/3097"}],"wp:featuredmedia":[{"embeddable":true,"href":"https:\/\/pos.uel.br\/ppgsoc\/wp-json\/wp\/v2\/media\/3096"}],"wp:attachment":[{"href":"https:\/\/pos.uel.br\/ppgsoc\/wp-json\/wp\/v2\/media?parent=3095"}],"wp:term":[{"taxonomy":"category","embeddable":true,"href":"https:\/\/pos.uel.br\/ppgsoc\/wp-json\/wp\/v2\/categories?post=3095"},{"taxonomy":"post_tag","embeddable":true,"href":"https:\/\/pos.uel.br\/ppgsoc\/wp-json\/wp\/v2\/tags?post=3095"}],"curies":[{"name":"wp","href":"https:\/\/api.w.org\/{rel}","templated":true}]}}