{"id":3089,"date":"2023-11-10T13:10:00","date_gmt":"2023-11-10T16:10:00","guid":{"rendered":"https:\/\/pos.uel.br\/ppgsoc\/?p=3089"},"modified":"2023-11-10T13:10:00","modified_gmt":"2023-11-10T16:10:00","slug":"divulgacao-da-nova-publicacao-da-revista-perspectivas-sociais-as-regulacoes-do-estado-na-organizacao-social","status":"publish","type":"post","link":"https:\/\/pos.uel.br\/ppgsoc\/sem-categoria\/2023\/11\/10\/divulgacao-da-nova-publicacao-da-revista-perspectivas-sociais-as-regulacoes-do-estado-na-organizacao-social\/","title":{"rendered":"Divulga\u00e7\u00e3o da nova publica\u00e7\u00e3o da revista Perspectivas Sociais: &#8220;As Regula\u00e7\u00f5es do Estado na Organiza\u00e7\u00e3o Social&#8221;"},"content":{"rendered":"\n<p>\u00c9 com grande satisfa\u00e7\u00e3o que comunicamos a nova publica\u00e7\u00e3o da revista Perspectivas Sociais, \u00a0ISSN: 2317-7438, dispon\u00edvel no endere\u00e7o:<br><a href=\"https:\/\/periodicos.ufpel.edu.br\/index.php\/percsoc\/index\" target=\"_blank\" rel=\"noreferrer noopener\">https:\/\/periodicos.ufpel.edu.br\/index.php\/percsoc\/index<\/a><br><br>A publica\u00e7\u00e3o intitulada <em>&#8220;As Regula\u00e7\u00f5es do Estado na Organiza\u00e7\u00e3o Social&#8221; <\/em>conta com tem\u00e1ticas que est\u00e3o relacionadas a diferentes \u00e1reas do conhecimento. Os artigos que comp\u00f5em esta edi\u00e7\u00e3o articulam as m\u00faltiplas possibilidades metodol\u00f3gicas de pesquisa nos estudos da Sociologia e apresentam amplas perspectivas de an\u00e1lises que nos brindam com um di\u00e1logo diverso. Al\u00e9m disso, oferecem suportes para compreendermos causas e efeitos das regula\u00e7\u00f5es do Estado na organiza\u00e7\u00e3o social. Os textos cujo objeto de an\u00e1lise macro parece similar, mas com enfoques te\u00f3ricos e ferramentas anal\u00edticas distintas, nos ajudam, desse modo, a aprofundar os estudos sociol\u00f3gicos no tempo vigente.<br>Desejamos a todos\/as uma \u00f3tima leitura.<\/p>\n\n\n\n<p><\/p>\n\n\n\n<figure class=\"wp-block-image size-large\"><img loading=\"lazy\" decoding=\"async\" width=\"723\" height=\"1024\" src=\"https:\/\/pos.uel.br\/ppgsoc\/wp-content\/uploads\/2023\/11\/Capa-723x1024.jpeg\" alt=\"\" class=\"wp-image-3090\" srcset=\"https:\/\/pos.uel.br\/ppgsoc\/wp-content\/uploads\/2023\/11\/Capa-723x1024.jpeg 723w, https:\/\/pos.uel.br\/ppgsoc\/wp-content\/uploads\/2023\/11\/Capa-212x300.jpeg 212w, https:\/\/pos.uel.br\/ppgsoc\/wp-content\/uploads\/2023\/11\/Capa-768x1087.jpeg 768w, https:\/\/pos.uel.br\/ppgsoc\/wp-content\/uploads\/2023\/11\/Capa.jpeg 904w\" sizes=\"auto, (max-width: 723px) 100vw, 723px\" \/><\/figure>\n","protected":false},"excerpt":{"rendered":"<p>\u00c9 com grande satisfa\u00e7\u00e3o que comunicamos a nova publica\u00e7\u00e3o da revista Perspectivas Sociais, \u00a0ISSN: 2317-7438, dispon\u00edvel no endere\u00e7o:https:\/\/periodicos.ufpel.edu.br\/index.php\/percsoc\/index A publica\u00e7\u00e3o intitulada &#8220;As Regula\u00e7\u00f5es do Estado na Organiza\u00e7\u00e3o Social&#8221; conta com tem\u00e1ticas que est\u00e3o relacionadas a diferentes \u00e1reas do conhecimento. Os artigos que comp\u00f5em esta edi\u00e7\u00e3o articulam as m\u00faltiplas possibilidades metodol\u00f3gicas de pesquisa nos estudos da [&hellip;]<\/p>\n","protected":false},"author":8,"featured_media":3090,"comment_status":"open","ping_status":"open","sticky":false,"template":"","format":"standard","meta":{"_acf_changed":false,"footnotes":""},"categories":[1],"tags":[],"class_list":["post-3089","post","type-post","status-publish","format-standard","has-post-thumbnail","hentry","category-sem-categoria"],"acf":[],"_links":{"self":[{"href":"https:\/\/pos.uel.br\/ppgsoc\/wp-json\/wp\/v2\/posts\/3089","targetHints":{"allow":["GET"]}}],"collection":[{"href":"https:\/\/pos.uel.br\/ppgsoc\/wp-json\/wp\/v2\/posts"}],"about":[{"href":"https:\/\/pos.uel.br\/ppgsoc\/wp-json\/wp\/v2\/types\/post"}],"author":[{"embeddable":true,"href":"https:\/\/pos.uel.br\/ppgsoc\/wp-json\/wp\/v2\/users\/8"}],"replies":[{"embeddable":true,"href":"https:\/\/pos.uel.br\/ppgsoc\/wp-json\/wp\/v2\/comments?post=3089"}],"version-history":[{"count":1,"href":"https:\/\/pos.uel.br\/ppgsoc\/wp-json\/wp\/v2\/posts\/3089\/revisions"}],"predecessor-version":[{"id":3091,"href":"https:\/\/pos.uel.br\/ppgsoc\/wp-json\/wp\/v2\/posts\/3089\/revisions\/3091"}],"wp:featuredmedia":[{"embeddable":true,"href":"https:\/\/pos.uel.br\/ppgsoc\/wp-json\/wp\/v2\/media\/3090"}],"wp:attachment":[{"href":"https:\/\/pos.uel.br\/ppgsoc\/wp-json\/wp\/v2\/media?parent=3089"}],"wp:term":[{"taxonomy":"category","embeddable":true,"href":"https:\/\/pos.uel.br\/ppgsoc\/wp-json\/wp\/v2\/categories?post=3089"},{"taxonomy":"post_tag","embeddable":true,"href":"https:\/\/pos.uel.br\/ppgsoc\/wp-json\/wp\/v2\/tags?post=3089"}],"curies":[{"name":"wp","href":"https:\/\/api.w.org\/{rel}","templated":true}]}}