{"id":3073,"date":"2023-10-13T09:12:19","date_gmt":"2023-10-13T12:12:19","guid":{"rendered":"https:\/\/pos.uel.br\/ppgsoc\/?p=3073"},"modified":"2023-10-13T09:12:19","modified_gmt":"2023-10-13T12:12:19","slug":"chamada-para-artigos-dossie-mulheres-as-margens-e-em-luta-por-estrategias-cotidianas-de-sobrevivencia","status":"publish","type":"post","link":"https:\/\/pos.uel.br\/ppgsoc\/sem-categoria\/2023\/10\/13\/chamada-para-artigos-dossie-mulheres-as-margens-e-em-luta-por-estrategias-cotidianas-de-sobrevivencia\/","title":{"rendered":"Chamada para Artigos &#8211; Dossi\u00ea: &#8220;Mulheres \u00e0s margens e em luta por estrat\u00e9gias cotidianas de sobreviv\u00eancia&#8221;"},"content":{"rendered":"\n<p>O corpo editorial da Revista \u00c1skesis t\u00eam o prazer de tornar p\u00fablica a chamada para o Dossi\u00ea:&nbsp;<strong><a href=\"https:\/\/www.revistaaskesis.ufscar.br\/index.php\/askesis\/announcement\/view\/26\" target=\"_blank\" rel=\"noreferrer noopener\">&#8220;Mulheres \u00e0s margens e em luta por estrat\u00e9gias cotidianas de sobreviv\u00eancia&#8221;<\/a><\/strong>&nbsp;organizado pelas pesquisadoras Isabela Vianna Pinho, Fernanda Kagan Mallak, Isabela Cristina Ara\u00fajo e Fernanda de Gobbi.<\/p>\n\n\n\n<p>O presente dossi\u00ea tem como objetivo abrir espa\u00e7o para trabalhos sobre as lutas cotidianas de mulheres que est\u00e3o \u00e0s margens da cidade, em&nbsp;<a><\/a>contextos de pobreza, precariedade e viol\u00eancia. Nas Ci\u00eancias Sociais brasileiras, estudos sobre as interfaces de g\u00eanero com diversas tem\u00e1ticas t\u00eam se consolidado, como pol\u00edticas sociais; trabalho de cuidado; criminalidade; informalidade; pris\u00e3o e direito \u00e0 cidade. Nesta perspectiva, nos interessa pensar o modo como as mulheres enfrentam as lutas cotidianas atrav\u00e9s do trabalho dom\u00e9stico, do cuidado, do cr\u00e9dito e dos mercados informais e ilegais. Ademais, conv\u00e9m pensar o modo como as mulheres buscam estrat\u00e9gias para ter acesso \u00e0 moradia e \u00e0s infraestruturas urbanas em meio a escassez de pol\u00edticas p\u00fablicas de habita\u00e7\u00e3o e aumento das a\u00e7\u00f5es que envolvem remo\u00e7\u00f5es e despejos.<\/p>\n\n\n\n<p>Busca-se tamb\u00e9m, trabalhos preocupados com os esfor\u00e7os di\u00e1rios por justi\u00e7a em contextos de luto e viol\u00eancia, que levem em conta o encarceramento em massa e o genoc\u00eddio da popula\u00e7\u00e3o negra e jovem. Esse eixo tem\u00e1tico visa contemplar artigos que abordem quest\u00f5es referente \u00e0s mulheres em contexto de seguran\u00e7a p\u00fablica, justi\u00e7a e ambiente prisional (sejam elas privadas de liberdade, egressas ou familiares de presas\/os). Por fim, ser\u00e3o bem-vindos trabalhos que tratem de quest\u00f5es metodol\u00f3gicas acerca do espa\u00e7o das mulheres nas Ci\u00eancias Sociais, as potencialidades e desafios de ser mulher estudando mulheres nas margens.<\/p>\n\n\n\n<figure class=\"wp-block-image size-full\"><img loading=\"lazy\" decoding=\"async\" width=\"1024\" height=\"1024\" src=\"https:\/\/pos.uel.br\/ppgsoc\/wp-content\/uploads\/2023\/10\/Revista-Askesis.jpg\" alt=\"\" class=\"wp-image-3074\" srcset=\"https:\/\/pos.uel.br\/ppgsoc\/wp-content\/uploads\/2023\/10\/Revista-Askesis.jpg 1024w, https:\/\/pos.uel.br\/ppgsoc\/wp-content\/uploads\/2023\/10\/Revista-Askesis-300x300.jpg 300w, https:\/\/pos.uel.br\/ppgsoc\/wp-content\/uploads\/2023\/10\/Revista-Askesis-150x150.jpg 150w, https:\/\/pos.uel.br\/ppgsoc\/wp-content\/uploads\/2023\/10\/Revista-Askesis-768x768.jpg 768w\" sizes=\"auto, (max-width: 1024px) 100vw, 1024px\" \/><\/figure>\n\n\n\n<p>Submiss\u00f5es at\u00e9: 20 de novembro de 2023, pelo endere\u00e7o eletr\u00f4nico da\u00a0<a rel=\"noreferrer noopener\" href=\"https:\/\/www.revistaaskesis.ufscar.br\/index.php\/askesis\/about\/submissions\" target=\"_blank\">Revista \u00c1skesis<\/a>.<\/p>\n","protected":false},"excerpt":{"rendered":"<p>O corpo editorial da Revista \u00c1skesis t\u00eam o prazer de tornar p\u00fablica a chamada para o Dossi\u00ea:&nbsp;&#8220;Mulheres \u00e0s margens e em luta por estrat\u00e9gias cotidianas de sobreviv\u00eancia&#8221;&nbsp;organizado pelas pesquisadoras Isabela Vianna Pinho, Fernanda Kagan Mallak, Isabela Cristina Ara\u00fajo e Fernanda de Gobbi. O presente dossi\u00ea tem como objetivo abrir espa\u00e7o para trabalhos sobre as lutas [&hellip;]<\/p>\n","protected":false},"author":8,"featured_media":3074,"comment_status":"open","ping_status":"open","sticky":false,"template":"","format":"standard","meta":{"_acf_changed":false,"footnotes":""},"categories":[1],"tags":[],"class_list":["post-3073","post","type-post","status-publish","format-standard","has-post-thumbnail","hentry","category-sem-categoria"],"acf":[],"_links":{"self":[{"href":"https:\/\/pos.uel.br\/ppgsoc\/wp-json\/wp\/v2\/posts\/3073","targetHints":{"allow":["GET"]}}],"collection":[{"href":"https:\/\/pos.uel.br\/ppgsoc\/wp-json\/wp\/v2\/posts"}],"about":[{"href":"https:\/\/pos.uel.br\/ppgsoc\/wp-json\/wp\/v2\/types\/post"}],"author":[{"embeddable":true,"href":"https:\/\/pos.uel.br\/ppgsoc\/wp-json\/wp\/v2\/users\/8"}],"replies":[{"embeddable":true,"href":"https:\/\/pos.uel.br\/ppgsoc\/wp-json\/wp\/v2\/comments?post=3073"}],"version-history":[{"count":1,"href":"https:\/\/pos.uel.br\/ppgsoc\/wp-json\/wp\/v2\/posts\/3073\/revisions"}],"predecessor-version":[{"id":3075,"href":"https:\/\/pos.uel.br\/ppgsoc\/wp-json\/wp\/v2\/posts\/3073\/revisions\/3075"}],"wp:featuredmedia":[{"embeddable":true,"href":"https:\/\/pos.uel.br\/ppgsoc\/wp-json\/wp\/v2\/media\/3074"}],"wp:attachment":[{"href":"https:\/\/pos.uel.br\/ppgsoc\/wp-json\/wp\/v2\/media?parent=3073"}],"wp:term":[{"taxonomy":"category","embeddable":true,"href":"https:\/\/pos.uel.br\/ppgsoc\/wp-json\/wp\/v2\/categories?post=3073"},{"taxonomy":"post_tag","embeddable":true,"href":"https:\/\/pos.uel.br\/ppgsoc\/wp-json\/wp\/v2\/tags?post=3073"}],"curies":[{"name":"wp","href":"https:\/\/api.w.org\/{rel}","templated":true}]}}