{"id":3061,"date":"2023-10-01T20:03:18","date_gmt":"2023-10-01T23:03:18","guid":{"rendered":"https:\/\/pos.uel.br\/ppgsoc\/?p=3061"},"modified":"2023-10-01T20:03:20","modified_gmt":"2023-10-01T23:03:20","slug":"o-programa-de-pos-graduacao-em-ciencia-politica-divulga-e-convida-para-o-iii-seminario-internacional-de-ciencia-politica-que-ocorrera-em-porto-alegre-rs-entre-os-dias-27-de-novembro-e-01-de-dezembro","status":"publish","type":"post","link":"https:\/\/pos.uel.br\/ppgsoc\/sem-categoria\/2023\/10\/01\/o-programa-de-pos-graduacao-em-ciencia-politica-divulga-e-convida-para-o-iii-seminario-internacional-de-ciencia-politica-que-ocorrera-em-porto-alegre-rs-entre-os-dias-27-de-novembro-e-01-de-dezembro\/","title":{"rendered":"O Programa de P\u00f3s-Gradua\u00e7\u00e3o em Ci\u00eancia Pol\u00edtica divulga e convida para o III Semin\u00e1rio Internacional de Ci\u00eancia Pol\u00edtica, que ocorrer\u00e1 em Porto Alegre-RS, entre os dias 27 de novembro e 01 de dezembro de 2023."},"content":{"rendered":"\n<p>A submiss\u00e3o de propostas de trabalho podem ser feitas&nbsp;<strong>at\u00e9 o dia 06 de outubro<\/strong>.<\/p>\n\n\n\n<p>Para mais informa\u00e7\u00f5es sobre o semin\u00e1rio e regras para submiss\u00e3o acesso o site&nbsp;<a href=\"https:\/\/www.ufrgs.br\/politica\/sicp-2023\" target=\"_blank\" rel=\"noreferrer noopener\">https:\/\/www.ufrgs.br\/politica\/sicp-2023<\/a>.<\/p>\n\n\n\n<p><\/p>\n\n\n\n<figure class=\"wp-block-image size-large\"><img loading=\"lazy\" decoding=\"async\" width=\"1024\" height=\"1024\" src=\"https:\/\/pos.uel.br\/ppgsoc\/wp-content\/uploads\/2023\/10\/banner_sicp-1024x1024.jpeg\" alt=\"\" class=\"wp-image-3062\" srcset=\"https:\/\/pos.uel.br\/ppgsoc\/wp-content\/uploads\/2023\/10\/banner_sicp-1024x1024.jpeg 1024w, https:\/\/pos.uel.br\/ppgsoc\/wp-content\/uploads\/2023\/10\/banner_sicp-300x300.jpeg 300w, https:\/\/pos.uel.br\/ppgsoc\/wp-content\/uploads\/2023\/10\/banner_sicp-150x150.jpeg 150w, https:\/\/pos.uel.br\/ppgsoc\/wp-content\/uploads\/2023\/10\/banner_sicp-768x768.jpeg 768w, https:\/\/pos.uel.br\/ppgsoc\/wp-content\/uploads\/2023\/10\/banner_sicp.jpeg 1080w\" sizes=\"auto, (max-width: 1024px) 100vw, 1024px\" \/><\/figure>\n","protected":false},"excerpt":{"rendered":"<p>A submiss\u00e3o de propostas de trabalho podem ser feitas&nbsp;at\u00e9 o dia 06 de outubro. Para mais informa\u00e7\u00f5es sobre o semin\u00e1rio e regras para submiss\u00e3o acesso o site&nbsp;https:\/\/www.ufrgs.br\/politica\/sicp-2023.<\/p>\n","protected":false},"author":8,"featured_media":3062,"comment_status":"open","ping_status":"open","sticky":false,"template":"","format":"standard","meta":{"_acf_changed":false,"footnotes":""},"categories":[1],"tags":[],"class_list":["post-3061","post","type-post","status-publish","format-standard","has-post-thumbnail","hentry","category-sem-categoria"],"acf":[],"_links":{"self":[{"href":"https:\/\/pos.uel.br\/ppgsoc\/wp-json\/wp\/v2\/posts\/3061","targetHints":{"allow":["GET"]}}],"collection":[{"href":"https:\/\/pos.uel.br\/ppgsoc\/wp-json\/wp\/v2\/posts"}],"about":[{"href":"https:\/\/pos.uel.br\/ppgsoc\/wp-json\/wp\/v2\/types\/post"}],"author":[{"embeddable":true,"href":"https:\/\/pos.uel.br\/ppgsoc\/wp-json\/wp\/v2\/users\/8"}],"replies":[{"embeddable":true,"href":"https:\/\/pos.uel.br\/ppgsoc\/wp-json\/wp\/v2\/comments?post=3061"}],"version-history":[{"count":1,"href":"https:\/\/pos.uel.br\/ppgsoc\/wp-json\/wp\/v2\/posts\/3061\/revisions"}],"predecessor-version":[{"id":3063,"href":"https:\/\/pos.uel.br\/ppgsoc\/wp-json\/wp\/v2\/posts\/3061\/revisions\/3063"}],"wp:featuredmedia":[{"embeddable":true,"href":"https:\/\/pos.uel.br\/ppgsoc\/wp-json\/wp\/v2\/media\/3062"}],"wp:attachment":[{"href":"https:\/\/pos.uel.br\/ppgsoc\/wp-json\/wp\/v2\/media?parent=3061"}],"wp:term":[{"taxonomy":"category","embeddable":true,"href":"https:\/\/pos.uel.br\/ppgsoc\/wp-json\/wp\/v2\/categories?post=3061"},{"taxonomy":"post_tag","embeddable":true,"href":"https:\/\/pos.uel.br\/ppgsoc\/wp-json\/wp\/v2\/tags?post=3061"}],"curies":[{"name":"wp","href":"https:\/\/api.w.org\/{rel}","templated":true}]}}