{"id":3042,"date":"2023-09-26T08:37:18","date_gmt":"2023-09-26T11:37:18","guid":{"rendered":"https:\/\/pos.uel.br\/ppgsoc\/?p=3042"},"modified":"2023-09-26T08:37:19","modified_gmt":"2023-09-26T11:37:19","slug":"divulgacao-livro-racismo-e-negritude-no-pentecostalismo-evangelico-brasileiro-perspectivas-contemporaneas","status":"publish","type":"post","link":"https:\/\/pos.uel.br\/ppgsoc\/sem-categoria\/2023\/09\/26\/divulgacao-livro-racismo-e-negritude-no-pentecostalismo-evangelico-brasileiro-perspectivas-contemporaneas\/","title":{"rendered":"DIVULGA\u00c7\u00c3O &#8211; LIVRO: RACISMO E NEGRITUDE NO PENTECOSTALISMO EVANG\u00c9LICO BRASILEIRO: PERSPECTIVAS CONTEMPOR\u00c2NEAS"},"content":{"rendered":"\n<p>&#8220;Existe menos racismo nas igrejas pentecostais (uma vez que sugiram nas camadas mais populares \u2014 pretas e pobres \u2014 da popula\u00e7\u00e3o brasileira)? Qual a rela\u00e7\u00e3o de pol\u00edticos evang\u00e9licos negros com as pautas de igualdade racial? O pentecostalismo ajuda ou atrapalha no autorreconhecimento quilombola de comunidades negras rurais? Essas e muitas outras perguntas s\u00e3o abordadas neste livro organizado pelo soci\u00f3logo e antrop\u00f3logo Alef Monteiro e que agrega pesquisas de estudantes de Doutorado e professores dos Departamentos de Antropologia e Sociologia da Universidade de S\u00e3o Paulo (USP) e conta ainda com a participa\u00e7\u00e3o de pesquisadoras e pesquisadores de renome de outras institui\u00e7\u00f5es e regi\u00f5es do Brasil. O volume \u00e9 uma janela que permite uma vis\u00e3o panor\u00e2mica de certos aspectos das quest\u00f5es \u00e9tnico-raciais no segmento religioso evang\u00e9lico pentecostal e aborda aspectos e problemas novos e antigos.&#8221;<\/p>\n\n\n\n<figure class=\"wp-block-image size-full\"><img loading=\"lazy\" decoding=\"async\" width=\"1004\" height=\"810\" src=\"https:\/\/pos.uel.br\/ppgsoc\/wp-content\/uploads\/2023\/09\/WhatsApp-Image-2023-09-26-at-08.34.32.jpeg\" alt=\"\" class=\"wp-image-3044\" srcset=\"https:\/\/pos.uel.br\/ppgsoc\/wp-content\/uploads\/2023\/09\/WhatsApp-Image-2023-09-26-at-08.34.32.jpeg 1004w, https:\/\/pos.uel.br\/ppgsoc\/wp-content\/uploads\/2023\/09\/WhatsApp-Image-2023-09-26-at-08.34.32-300x242.jpeg 300w, https:\/\/pos.uel.br\/ppgsoc\/wp-content\/uploads\/2023\/09\/WhatsApp-Image-2023-09-26-at-08.34.32-768x620.jpeg 768w\" sizes=\"auto, (max-width: 1004px) 100vw, 1004px\" \/><\/figure>\n\n\n\n<p>Para adquirir\u00a0um exemplar, acesse o site da editora ou clique no link a seguir:\u00a0<a rel=\"noreferrer noopener\" href=\"https:\/\/editoratelha.com.br\/product\/racismo-e-negritude-no-pentecostalismo-evangelico-brasileiro-perspectivas-contemporaneas\/\" target=\"_blank\">www.editoratelha.com.br<\/a><\/p>\n","protected":false},"excerpt":{"rendered":"<p>&#8220;Existe menos racismo nas igrejas pentecostais (uma vez que sugiram nas camadas mais populares \u2014 pretas e pobres \u2014 da popula\u00e7\u00e3o brasileira)? Qual a rela\u00e7\u00e3o de pol\u00edticos evang\u00e9licos negros com as pautas de igualdade racial? O pentecostalismo ajuda ou atrapalha no autorreconhecimento quilombola de comunidades negras rurais? Essas e muitas outras perguntas s\u00e3o abordadas neste [&hellip;]<\/p>\n","protected":false},"author":8,"featured_media":3045,"comment_status":"open","ping_status":"open","sticky":false,"template":"","format":"standard","meta":{"_acf_changed":false,"footnotes":""},"categories":[1],"tags":[],"class_list":["post-3042","post","type-post","status-publish","format-standard","has-post-thumbnail","hentry","category-sem-categoria"],"acf":[],"_links":{"self":[{"href":"https:\/\/pos.uel.br\/ppgsoc\/wp-json\/wp\/v2\/posts\/3042","targetHints":{"allow":["GET"]}}],"collection":[{"href":"https:\/\/pos.uel.br\/ppgsoc\/wp-json\/wp\/v2\/posts"}],"about":[{"href":"https:\/\/pos.uel.br\/ppgsoc\/wp-json\/wp\/v2\/types\/post"}],"author":[{"embeddable":true,"href":"https:\/\/pos.uel.br\/ppgsoc\/wp-json\/wp\/v2\/users\/8"}],"replies":[{"embeddable":true,"href":"https:\/\/pos.uel.br\/ppgsoc\/wp-json\/wp\/v2\/comments?post=3042"}],"version-history":[{"count":1,"href":"https:\/\/pos.uel.br\/ppgsoc\/wp-json\/wp\/v2\/posts\/3042\/revisions"}],"predecessor-version":[{"id":3046,"href":"https:\/\/pos.uel.br\/ppgsoc\/wp-json\/wp\/v2\/posts\/3042\/revisions\/3046"}],"wp:featuredmedia":[{"embeddable":true,"href":"https:\/\/pos.uel.br\/ppgsoc\/wp-json\/wp\/v2\/media\/3045"}],"wp:attachment":[{"href":"https:\/\/pos.uel.br\/ppgsoc\/wp-json\/wp\/v2\/media?parent=3042"}],"wp:term":[{"taxonomy":"category","embeddable":true,"href":"https:\/\/pos.uel.br\/ppgsoc\/wp-json\/wp\/v2\/categories?post=3042"},{"taxonomy":"post_tag","embeddable":true,"href":"https:\/\/pos.uel.br\/ppgsoc\/wp-json\/wp\/v2\/tags?post=3042"}],"curies":[{"name":"wp","href":"https:\/\/api.w.org\/{rel}","templated":true}]}}