{"id":3038,"date":"2023-09-26T08:24:04","date_gmt":"2023-09-26T11:24:04","guid":{"rendered":"https:\/\/pos.uel.br\/ppgsoc\/?p=3038"},"modified":"2023-09-26T08:24:04","modified_gmt":"2023-09-26T11:24:04","slug":"artigo-publicado-panela-nestle-um-estudo-de-caso-sobre-relacoes-assimetricas-entre-grandes-corporacoes-e-startups-na-inovacao-aberta","status":"publish","type":"post","link":"https:\/\/pos.uel.br\/ppgsoc\/sem-categoria\/2023\/09\/26\/artigo-publicado-panela-nestle-um-estudo-de-caso-sobre-relacoes-assimetricas-entre-grandes-corporacoes-e-startups-na-inovacao-aberta\/","title":{"rendered":"Artigo Publicado &#8211; Panela Nestl\u00e9: um estudo de caso sobre rela\u00e7\u00f5es assim\u00e9tricas entre grandes corpora\u00e7\u00f5es e startups na inova\u00e7\u00e3o aberta"},"content":{"rendered":"\n<h1 class=\"wp-block-heading\">Foi publicado na NORUS (Novos Rumos sociol\u00f3gicos), Revista do Programa de P\u00f3s-Gradua\u00e7\u00e3o em Sociologia da UFPEL, o artigo \u201cPanela Nestl\u00e9: um estudo de caso sobre rela\u00e7\u00f5es assim\u00e9tricas entre grandes corpora\u00e7\u00f5es e startups na inova\u00e7\u00e3o aberta\u201d, de autoria de Jo\u00e3o Fernando Parra, doutorando do Programa de P\u00f3s-gradua\u00e7\u00e3o em Sociologia.<\/h1>\n\n\n\n<figure class=\"wp-block-image size-full\"><img loading=\"lazy\" decoding=\"async\" width=\"826\" height=\"381\" src=\"https:\/\/pos.uel.br\/ppgsoc\/wp-content\/uploads\/2023\/09\/WhatsApp-Image-2023-09-26-at-08.21.32.jpeg\" alt=\"\" class=\"wp-image-3039\" srcset=\"https:\/\/pos.uel.br\/ppgsoc\/wp-content\/uploads\/2023\/09\/WhatsApp-Image-2023-09-26-at-08.21.32.jpeg 826w, https:\/\/pos.uel.br\/ppgsoc\/wp-content\/uploads\/2023\/09\/WhatsApp-Image-2023-09-26-at-08.21.32-300x138.jpeg 300w, https:\/\/pos.uel.br\/ppgsoc\/wp-content\/uploads\/2023\/09\/WhatsApp-Image-2023-09-26-at-08.21.32-768x354.jpeg 768w\" sizes=\"auto, (max-width: 826px) 100vw, 826px\" \/><\/figure>\n\n\n\n<p>O artigo pode ser acessado <a href=\"https:\/\/periodicos.ufpel.edu.br\/index.php\/NORUS\/article\/view\/25135\">aqui.<\/a><\/p>\n","protected":false},"excerpt":{"rendered":"<p>Foi publicado na NORUS (Novos Rumos sociol\u00f3gicos), Revista do Programa de P\u00f3s-Gradua\u00e7\u00e3o em Sociologia da UFPEL, o artigo \u201cPanela Nestl\u00e9: um estudo de caso sobre rela\u00e7\u00f5es assim\u00e9tricas entre grandes corpora\u00e7\u00f5es e startups na inova\u00e7\u00e3o aberta\u201d, de autoria de Jo\u00e3o Fernando Parra, doutorando do Programa de P\u00f3s-gradua\u00e7\u00e3o em Sociologia. O artigo pode ser acessado aqui.<\/p>\n","protected":false},"author":8,"featured_media":3040,"comment_status":"open","ping_status":"open","sticky":false,"template":"","format":"standard","meta":{"_acf_changed":false,"footnotes":""},"categories":[1],"tags":[],"class_list":["post-3038","post","type-post","status-publish","format-standard","has-post-thumbnail","hentry","category-sem-categoria"],"acf":[],"_links":{"self":[{"href":"https:\/\/pos.uel.br\/ppgsoc\/wp-json\/wp\/v2\/posts\/3038","targetHints":{"allow":["GET"]}}],"collection":[{"href":"https:\/\/pos.uel.br\/ppgsoc\/wp-json\/wp\/v2\/posts"}],"about":[{"href":"https:\/\/pos.uel.br\/ppgsoc\/wp-json\/wp\/v2\/types\/post"}],"author":[{"embeddable":true,"href":"https:\/\/pos.uel.br\/ppgsoc\/wp-json\/wp\/v2\/users\/8"}],"replies":[{"embeddable":true,"href":"https:\/\/pos.uel.br\/ppgsoc\/wp-json\/wp\/v2\/comments?post=3038"}],"version-history":[{"count":1,"href":"https:\/\/pos.uel.br\/ppgsoc\/wp-json\/wp\/v2\/posts\/3038\/revisions"}],"predecessor-version":[{"id":3041,"href":"https:\/\/pos.uel.br\/ppgsoc\/wp-json\/wp\/v2\/posts\/3038\/revisions\/3041"}],"wp:featuredmedia":[{"embeddable":true,"href":"https:\/\/pos.uel.br\/ppgsoc\/wp-json\/wp\/v2\/media\/3040"}],"wp:attachment":[{"href":"https:\/\/pos.uel.br\/ppgsoc\/wp-json\/wp\/v2\/media?parent=3038"}],"wp:term":[{"taxonomy":"category","embeddable":true,"href":"https:\/\/pos.uel.br\/ppgsoc\/wp-json\/wp\/v2\/categories?post=3038"},{"taxonomy":"post_tag","embeddable":true,"href":"https:\/\/pos.uel.br\/ppgsoc\/wp-json\/wp\/v2\/tags?post=3038"}],"curies":[{"name":"wp","href":"https:\/\/api.w.org\/{rel}","templated":true}]}}