{"id":3027,"date":"2023-09-18T07:18:02","date_gmt":"2023-09-18T10:18:02","guid":{"rendered":"https:\/\/pos.uel.br\/ppgsoc\/?p=3027"},"modified":"2023-09-18T07:18:03","modified_gmt":"2023-09-18T10:18:03","slug":"o-programa-de-pos-graduacao-em-sociologia-ppgsoc-uel-da-linha-pesquisa-2-desigualdades-cidadania-e-cultura","status":"publish","type":"post","link":"https:\/\/pos.uel.br\/ppgsoc\/sem-categoria\/2023\/09\/18\/o-programa-de-pos-graduacao-em-sociologia-ppgsoc-uel-da-linha-pesquisa-2-desigualdades-cidadania-e-cultura\/","title":{"rendered":"O Programa de P\u00f3s-Gradua\u00e7\u00e3o em Sociologia (PPGSOC\/UEL), da linha pesquisa 2 \u201cDesigualdades, Cidadania e Cultura"},"content":{"rendered":"\n<p>O Programa de P\u00f3s-Gradua\u00e7\u00e3o em Sociologia (PPGSOC\/UEL), da linha pesquisa 2 \u201cDesigualdades, Cidadania e Cultura: &#8220;Ludicidade nas Ci\u00eancias Sociais: abordagens imaginativas de jogos pedag\u00f3gicos&#8221; com Profa. Dra. J\u00falia Polessa Ma\u00e7aira (UFRJ).<\/p>\n\n\n\n<figure class=\"wp-block-image size-large\"><img loading=\"lazy\" decoding=\"async\" width=\"1024\" height=\"1024\" src=\"https:\/\/pos.uel.br\/ppgsoc\/wp-content\/uploads\/2023\/09\/WhatsApp-Image-2023-09-16-at-10.44.16-1024x1024.jpeg\" alt=\"\" class=\"wp-image-3028\" srcset=\"https:\/\/pos.uel.br\/ppgsoc\/wp-content\/uploads\/2023\/09\/WhatsApp-Image-2023-09-16-at-10.44.16-1024x1024.jpeg 1024w, https:\/\/pos.uel.br\/ppgsoc\/wp-content\/uploads\/2023\/09\/WhatsApp-Image-2023-09-16-at-10.44.16-300x300.jpeg 300w, https:\/\/pos.uel.br\/ppgsoc\/wp-content\/uploads\/2023\/09\/WhatsApp-Image-2023-09-16-at-10.44.16-150x150.jpeg 150w, https:\/\/pos.uel.br\/ppgsoc\/wp-content\/uploads\/2023\/09\/WhatsApp-Image-2023-09-16-at-10.44.16-768x768.jpeg 768w, https:\/\/pos.uel.br\/ppgsoc\/wp-content\/uploads\/2023\/09\/WhatsApp-Image-2023-09-16-at-10.44.16-1536x1536.jpeg 1536w, https:\/\/pos.uel.br\/ppgsoc\/wp-content\/uploads\/2023\/09\/WhatsApp-Image-2023-09-16-at-10.44.16.jpeg 1599w\" sizes=\"auto, (max-width: 1024px) 100vw, 1024px\" \/><\/figure>\n\n\n\n<p>PROGRAMA\u00c7\u00c3O<\/p>\n\n\n\n<div class=\"wp-block-group\"><div class=\"wp-block-group__inner-container is-layout-constrained wp-block-group-is-layout-constrained\">\n<p><strong>21 de setembro de 2023 &#8211; 10h-12h <\/strong><\/p>\n\n\n\n<p>OFICINA: Jogos Pedag\u00f3gicos para o ensino de Ci\u00eancias Sociais<\/p>\n\n\n\n<p>MINISTRANTE: Julia Polessa Ma\u00e7aira (UFRJ) <\/p>\n\n\n\n<p>MEDIADORA: Ana Cl\u00e1udia Rodrigues de Oliveira (Col\u00e9gio Estadual Policia Militar do Paran\u00e1) <\/p>\n\n\n\n<p>LOCAL: Col\u00e9gio Estadual Policia Militar do Paran\u00e1 &#8211; Londrina<\/p>\n\n\n\n<p><strong>21 de setembro de 2023 &#8211; 18h<\/strong><\/p>\n\n\n\n<p>RODA DE CONVERSA COM O PIBID E RESID\u00caNCIA PEDAG\u00d3GICA<\/p>\n\n\n\n<p>TEMA: LUDICIDADE NAS CI\u00caNCIAS SOCIAIS <\/p>\n\n\n\n<p>MINISTRANTE: Julia Polessa Ma\u00e7aira (UFRJ) <\/p>\n\n\n\n<p>MEDIADORA: Adriana de F\u00e1tima Ferreira (UEL) <\/p>\n\n\n\n<p>LOCAL: Sala de Eventos &#8211; CLCH (UEL)<\/p>\n\n\n\n<p><strong>21 de setembro de 2023 &#8211; 19h30<\/strong><\/p>\n\n\n\n<p>MESTRE DE CERIM\u00d4NIA: Ana Cl\u00e1udia Rodrigues de Oliveira<\/p>\n\n\n\n<p>MESA DE ABERTURA: \u00c2ngela Maria de Sousa Lima (SEBEC-UEL); Renata Schulumberger Schevisbiski (Vice-diretora do Centro-UEL); Juliana Rossi Duci (\u00c1rea de Metodologia de Ensino de Sociologia); Fernando Kulaitis (Cordenador do PPGSOC\/UEL); Marco Antonio Rossi (Coordenador da Especializa\u00e7\u00e3o em Ensino de Sociologia); Priscila Gimenes (Diretora do Col\u00e9gio Estadual Dom Geraldo Fernandes &#8211; Camb\u00e9)<\/p>\n\n\n\n<p><strong>22 de setembro de 2023 &#8211; 7h30<\/strong><\/p>\n\n\n\n<p>MESA-REDONDA: UMA AN\u00c1LISE SOBRE A SOCIOLOGIA DO ENSINO FUNDAMENTAL<\/p>\n\n\n\n<p>INTEGRANTES:<\/p>\n\n\n\n<p>\u00c2ngela Maria de Sousa Lima (UEL)<\/p>\n\n\n\n<p>Jaqueline Fabeni dos Santos (UEL)<\/p>\n\n\n\n<p>Ang\u00e9lica Lyra de Araujo (UEL) <\/p>\n\n\n\n<p>Julia Polessa Ma\u00e7aira (UFRJ) <\/p>\n\n\n\n<p>Zuleika de Paula Bueno (UEM)<\/p>\n\n\n\n<p>Ligia Wilhelms Eras (IFSC)<\/p>\n\n\n\n<p>LOCAL: Col\u00e9gio Estadual Dom Geraldo Fernandes &#8211; Camb\u00e9<\/p>\n\n\n\n<p>INSCRI\u00c7\u00d5ES Gratuitas &#8211; Certificados pela PROEX: <a href=\"http:\/\/www.uel.br\/eventos\/sigec\/?id=8527\">http:\/\/www.uel.br\/eventos\/sigec\/?id=8527<\/a><\/p>\n<\/div><\/div>\n","protected":false},"excerpt":{"rendered":"<p>O Programa de P\u00f3s-Gradua\u00e7\u00e3o em Sociologia (PPGSOC\/UEL), da linha pesquisa 2 \u201cDesigualdades, Cidadania e Cultura: &#8220;Ludicidade nas Ci\u00eancias Sociais: abordagens imaginativas de jogos pedag\u00f3gicos&#8221; com Profa. Dra. J\u00falia Polessa Ma\u00e7aira (UFRJ). PROGRAMA\u00c7\u00c3O 21 de setembro de 2023 &#8211; 10h-12h OFICINA: Jogos Pedag\u00f3gicos para o ensino de Ci\u00eancias Sociais MINISTRANTE: Julia Polessa Ma\u00e7aira (UFRJ) MEDIADORA: Ana [&hellip;]<\/p>\n","protected":false},"author":8,"featured_media":3028,"comment_status":"open","ping_status":"open","sticky":false,"template":"","format":"standard","meta":{"_acf_changed":false,"footnotes":""},"categories":[1],"tags":[],"class_list":["post-3027","post","type-post","status-publish","format-standard","has-post-thumbnail","hentry","category-sem-categoria"],"acf":[],"_links":{"self":[{"href":"https:\/\/pos.uel.br\/ppgsoc\/wp-json\/wp\/v2\/posts\/3027","targetHints":{"allow":["GET"]}}],"collection":[{"href":"https:\/\/pos.uel.br\/ppgsoc\/wp-json\/wp\/v2\/posts"}],"about":[{"href":"https:\/\/pos.uel.br\/ppgsoc\/wp-json\/wp\/v2\/types\/post"}],"author":[{"embeddable":true,"href":"https:\/\/pos.uel.br\/ppgsoc\/wp-json\/wp\/v2\/users\/8"}],"replies":[{"embeddable":true,"href":"https:\/\/pos.uel.br\/ppgsoc\/wp-json\/wp\/v2\/comments?post=3027"}],"version-history":[{"count":1,"href":"https:\/\/pos.uel.br\/ppgsoc\/wp-json\/wp\/v2\/posts\/3027\/revisions"}],"predecessor-version":[{"id":3029,"href":"https:\/\/pos.uel.br\/ppgsoc\/wp-json\/wp\/v2\/posts\/3027\/revisions\/3029"}],"wp:featuredmedia":[{"embeddable":true,"href":"https:\/\/pos.uel.br\/ppgsoc\/wp-json\/wp\/v2\/media\/3028"}],"wp:attachment":[{"href":"https:\/\/pos.uel.br\/ppgsoc\/wp-json\/wp\/v2\/media?parent=3027"}],"wp:term":[{"taxonomy":"category","embeddable":true,"href":"https:\/\/pos.uel.br\/ppgsoc\/wp-json\/wp\/v2\/categories?post=3027"},{"taxonomy":"post_tag","embeddable":true,"href":"https:\/\/pos.uel.br\/ppgsoc\/wp-json\/wp\/v2\/tags?post=3027"}],"curies":[{"name":"wp","href":"https:\/\/api.w.org\/{rel}","templated":true}]}}