{"id":3019,"date":"2023-09-14T11:56:45","date_gmt":"2023-09-14T14:56:45","guid":{"rendered":"https:\/\/pos.uel.br\/ppgsoc\/?p=3019"},"modified":"2023-09-14T11:56:46","modified_gmt":"2023-09-14T14:56:46","slug":"podcast-analisa-o-que-levou-ao-atos-violentos-de-08-de-janeiro-em-brasilia","status":"publish","type":"post","link":"https:\/\/pos.uel.br\/ppgsoc\/sem-categoria\/2023\/09\/14\/podcast-analisa-o-que-levou-ao-atos-violentos-de-08-de-janeiro-em-brasilia\/","title":{"rendered":"Podcast analisa o que levou ao atos violentos de 08 de Janeiro em Bras\u00edlia"},"content":{"rendered":"\n<p>O podcast \u201cO 08 de Janeiro\u201d j\u00e1 est\u00e1 dispon\u00edvel nas principais plataformas de \u00e1udio. Numa s\u00e9rie de 06 epis\u00f3dios, o programa mostra os resultados de pesquisas sociol\u00f3gicas sobre o grande ato violento, com motiva\u00e7\u00e3o pol\u00edtica, que tomou conta de Bras\u00edlia na data em quest\u00e3o. O podcast \u00e9 uma produ\u00e7\u00e3o independente, que uniu duas turmas da gradua\u00e7\u00e3o em Ci\u00eancias Sociais da Universidade de S\u00e3o Paulo. A orienta\u00e7\u00e3o foi de Angela Alonso, soci\u00f3loga, professora titular da universidade, e especialista em sociologia pol\u00edtica.&nbsp;<\/p>\n\n\n\n<p>Durante o primeiro semestre de 2023, as duas turmas se dividiram em grupos para estudar o mesmo tema por perspectivas diferentes. O que seriam apenas relat\u00f3rios da disciplina de \u201cM\u00e9todos de Pesquisa em Sociologia\u201d se transformou tamb\u00e9m em um projeto de divulga\u00e7\u00e3o cient\u00edfica. Ao longo dos epis\u00f3dios \u00e9 poss\u00edvel entender a prepara\u00e7\u00e3o, a condu\u00e7\u00e3o e as consequ\u00eancias posteriores ao grande ato violento.<\/p>\n\n\n\n<p>O podcast \u201cO 08 de Janeiro\u201d contou com produ\u00e7\u00e3o de Edson Nova e Viviane Souza, identidade visual de Gabriel dos Santos, trilha sonora e edi\u00e7\u00e3o de Jonas Paulo. O nome dos estudantes que produziram o conte\u00fado e apresentam a s\u00e9rie podem ser conferidos na descri\u00e7\u00e3o de cada um dos epis\u00f3dios\u00b4.<\/p>\n\n\n\n<p><strong>OU\u00c7A:<\/strong><a rel=\"noreferrer noopener\" href=\"https:\/\/open.spotify.com\/show\/5bIXrWgd9AUpxkMML6WHO2\" target=\"_blank\"> <\/a><a rel=\"noreferrer noopener\" href=\"https:\/\/open.spotify.com\/show\/5bIXrWgd9AUpxkMML6WHO2\" target=\"_blank\">https:\/\/open.spotify.com\/show\/5bIXrWgd9AUpxkMML6WHO2<\/a><\/p>\n\n\n\n<figure class=\"wp-block-image size-large\"><img decoding=\"async\" src=\"https:\/\/pos.uel.br\/ppgsoc\/wp-content\/uploads\/2023\/09\/Capa-Podcast-O-08-de-janeiro-v2-1024x1024.jpg\" alt=\"\" class=\"wp-image-3020\"\/><\/figure>\n","protected":false},"excerpt":{"rendered":"<p>O podcast \u201cO 08 de Janeiro\u201d j\u00e1 est\u00e1 dispon\u00edvel nas principais plataformas de \u00e1udio. Numa s\u00e9rie de 06 epis\u00f3dios, o programa mostra os resultados de pesquisas sociol\u00f3gicas sobre o grande ato violento, com motiva\u00e7\u00e3o pol\u00edtica, que tomou conta de Bras\u00edlia na data em quest\u00e3o. O podcast \u00e9 uma produ\u00e7\u00e3o independente, que uniu duas turmas da [&hellip;]<\/p>\n","protected":false},"author":8,"featured_media":3022,"comment_status":"open","ping_status":"open","sticky":false,"template":"","format":"standard","meta":{"_acf_changed":false,"footnotes":""},"categories":[1],"tags":[],"class_list":["post-3019","post","type-post","status-publish","format-standard","has-post-thumbnail","hentry","category-sem-categoria"],"acf":[],"_links":{"self":[{"href":"https:\/\/pos.uel.br\/ppgsoc\/wp-json\/wp\/v2\/posts\/3019","targetHints":{"allow":["GET"]}}],"collection":[{"href":"https:\/\/pos.uel.br\/ppgsoc\/wp-json\/wp\/v2\/posts"}],"about":[{"href":"https:\/\/pos.uel.br\/ppgsoc\/wp-json\/wp\/v2\/types\/post"}],"author":[{"embeddable":true,"href":"https:\/\/pos.uel.br\/ppgsoc\/wp-json\/wp\/v2\/users\/8"}],"replies":[{"embeddable":true,"href":"https:\/\/pos.uel.br\/ppgsoc\/wp-json\/wp\/v2\/comments?post=3019"}],"version-history":[{"count":1,"href":"https:\/\/pos.uel.br\/ppgsoc\/wp-json\/wp\/v2\/posts\/3019\/revisions"}],"predecessor-version":[{"id":3021,"href":"https:\/\/pos.uel.br\/ppgsoc\/wp-json\/wp\/v2\/posts\/3019\/revisions\/3021"}],"wp:featuredmedia":[{"embeddable":true,"href":"https:\/\/pos.uel.br\/ppgsoc\/wp-json\/wp\/v2\/media\/3022"}],"wp:attachment":[{"href":"https:\/\/pos.uel.br\/ppgsoc\/wp-json\/wp\/v2\/media?parent=3019"}],"wp:term":[{"taxonomy":"category","embeddable":true,"href":"https:\/\/pos.uel.br\/ppgsoc\/wp-json\/wp\/v2\/categories?post=3019"},{"taxonomy":"post_tag","embeddable":true,"href":"https:\/\/pos.uel.br\/ppgsoc\/wp-json\/wp\/v2\/tags?post=3019"}],"curies":[{"name":"wp","href":"https:\/\/api.w.org\/{rel}","templated":true}]}}