{"id":3010,"date":"2023-09-14T11:48:18","date_gmt":"2023-09-14T14:48:18","guid":{"rendered":"https:\/\/pos.uel.br\/ppgsoc\/?p=3010"},"modified":"2023-09-14T11:48:59","modified_gmt":"2023-09-14T14:48:59","slug":"chamada-para-artigos-dossie-veredas-feministas-reflexoes-potencialidades-e-transformacoes-de-pensadoras-contemporaneas","status":"publish","type":"post","link":"https:\/\/pos.uel.br\/ppgsoc\/sem-categoria\/2023\/09\/14\/chamada-para-artigos-dossie-veredas-feministas-reflexoes-potencialidades-e-transformacoes-de-pensadoras-contemporaneas\/","title":{"rendered":"Chamada para Artigos &#8211; Dossi\u00ea: &#8220;Veredas Feministas: reflex\u00f5es, potencialidades e transforma\u00e7\u00f5es de pensadoras contempor\u00e2neas&#8221;"},"content":{"rendered":"\n<p>Segue para conhecimento e divulga\u00e7\u00e3o a chamada do dossi\u00ea:&nbsp;<strong>&#8220;<strong>Veredas Feministas: reflex\u00f5es, potencialidades e transforma\u00e7\u00f5es de pensadoras contempor\u00e2neas<\/strong>&#8221;&nbsp;<\/strong>que ir\u00e1 compor o n\u00famero 01 (Janeiro-Junho) de 2024 da&nbsp;<em>Revista Tempo, Espa\u00e7o e Linguagem<\/em>&nbsp;(TEL-UNICENTRO,&nbsp;<em>Campus<\/em>&nbsp;Irati-PR)(<em>Qualis B1<\/em>). A Revista recebe tamb\u00e9m contribui\u00e7\u00f5es em fluxo cont\u00ednuo de: artigos livres, ensaios e tradu\u00e7\u00f5es em portugu\u00eas, ingl\u00eas e espanhol.<\/p>\n\n\n\n<figure class=\"wp-block-image size-large\"><img decoding=\"async\" src=\"https:\/\/pos.uel.br\/ppgsoc\/wp-content\/uploads\/2023\/09\/Veredas-Feministas-724x1024.jpg\" alt=\"\" class=\"wp-image-3012\"\/><\/figure>\n\n\n\n<p>Submiss\u00f5es de:&nbsp;<strong>10 de setembro de 2023 a 10 de mar\u00e7o de 2024<\/strong>&nbsp;pelo endere\u00e7o eletr\u00f4nico da revista:&nbsp;<a rel=\"noreferrer noopener\" href=\"https:\/\/revistas.uepg.br\/index.php\/tel\/about\/submissions\" target=\"_blank\">Tempo, Espa\u00e7o e Linguagem (TEL).<\/a>&nbsp;<\/p>\n","protected":false},"excerpt":{"rendered":"<p>Segue para conhecimento e divulga\u00e7\u00e3o a chamada do dossi\u00ea:&nbsp;&#8220;Veredas Feministas: reflex\u00f5es, potencialidades e transforma\u00e7\u00f5es de pensadoras contempor\u00e2neas&#8221;&nbsp;que ir\u00e1 compor o n\u00famero 01 (Janeiro-Junho) de 2024 da&nbsp;Revista Tempo, Espa\u00e7o e Linguagem&nbsp;(TEL-UNICENTRO,&nbsp;Campus&nbsp;Irati-PR)(Qualis B1). A Revista recebe tamb\u00e9m contribui\u00e7\u00f5es em fluxo cont\u00ednuo de: artigos livres, ensaios e tradu\u00e7\u00f5es em portugu\u00eas, ingl\u00eas e espanhol. Submiss\u00f5es de:&nbsp;10 de setembro de [&hellip;]<\/p>\n","protected":false},"author":8,"featured_media":3015,"comment_status":"open","ping_status":"open","sticky":false,"template":"","format":"standard","meta":{"_acf_changed":false,"footnotes":""},"categories":[1],"tags":[],"class_list":["post-3010","post","type-post","status-publish","format-standard","has-post-thumbnail","hentry","category-sem-categoria"],"acf":[],"_links":{"self":[{"href":"https:\/\/pos.uel.br\/ppgsoc\/wp-json\/wp\/v2\/posts\/3010","targetHints":{"allow":["GET"]}}],"collection":[{"href":"https:\/\/pos.uel.br\/ppgsoc\/wp-json\/wp\/v2\/posts"}],"about":[{"href":"https:\/\/pos.uel.br\/ppgsoc\/wp-json\/wp\/v2\/types\/post"}],"author":[{"embeddable":true,"href":"https:\/\/pos.uel.br\/ppgsoc\/wp-json\/wp\/v2\/users\/8"}],"replies":[{"embeddable":true,"href":"https:\/\/pos.uel.br\/ppgsoc\/wp-json\/wp\/v2\/comments?post=3010"}],"version-history":[{"count":2,"href":"https:\/\/pos.uel.br\/ppgsoc\/wp-json\/wp\/v2\/posts\/3010\/revisions"}],"predecessor-version":[{"id":3016,"href":"https:\/\/pos.uel.br\/ppgsoc\/wp-json\/wp\/v2\/posts\/3010\/revisions\/3016"}],"wp:featuredmedia":[{"embeddable":true,"href":"https:\/\/pos.uel.br\/ppgsoc\/wp-json\/wp\/v2\/media\/3015"}],"wp:attachment":[{"href":"https:\/\/pos.uel.br\/ppgsoc\/wp-json\/wp\/v2\/media?parent=3010"}],"wp:term":[{"taxonomy":"category","embeddable":true,"href":"https:\/\/pos.uel.br\/ppgsoc\/wp-json\/wp\/v2\/categories?post=3010"},{"taxonomy":"post_tag","embeddable":true,"href":"https:\/\/pos.uel.br\/ppgsoc\/wp-json\/wp\/v2\/tags?post=3010"}],"curies":[{"name":"wp","href":"https:\/\/api.w.org\/{rel}","templated":true}]}}