{"id":3001,"date":"2023-09-12T08:03:11","date_gmt":"2023-09-12T11:03:11","guid":{"rendered":"https:\/\/pos.uel.br\/ppgsoc\/?p=3001"},"modified":"2023-09-12T08:03:12","modified_gmt":"2023-09-12T11:03:12","slug":"processo-seletivo-ppgsoc-uel-2014-1-doutorado-e-mestrado","status":"publish","type":"post","link":"https:\/\/pos.uel.br\/ppgsoc\/sem-categoria\/2023\/09\/12\/processo-seletivo-ppgsoc-uel-2014-1-doutorado-e-mestrado\/","title":{"rendered":"Processo Seletivo PPGSOC\/UEL 2014\/1 (Doutorado e Mestrado)"},"content":{"rendered":"\n<p>O edital para o ingresso no Mestrado e Doutorado no primeiro per\u00edodo letivo de 2024 do Programa de P\u00f3s Gradua\u00e7\u00e3o em Sociologia da Universidade Estadual de Londrina  j\u00e1 se encontra dispon\u00edvel na aba &#8220;editais&#8221; do site. <\/p>\n\n\n\n<figure class=\"wp-block-image size-large is-resized\"><img loading=\"lazy\" decoding=\"async\" src=\"https:\/\/pos.uel.br\/ppgsoc\/wp-content\/uploads\/2023\/09\/WhatsApp-Image-2023-09-05-at-07.34.38-1024x1024.jpeg\" alt=\"\" class=\"wp-image-3002\" style=\"object-fit:cover;width:1093px;height:1093px\" width=\"1093\" height=\"1093\" srcset=\"https:\/\/pos.uel.br\/ppgsoc\/wp-content\/uploads\/2023\/09\/WhatsApp-Image-2023-09-05-at-07.34.38-1024x1024.jpeg 1024w, https:\/\/pos.uel.br\/ppgsoc\/wp-content\/uploads\/2023\/09\/WhatsApp-Image-2023-09-05-at-07.34.38-300x300.jpeg 300w, https:\/\/pos.uel.br\/ppgsoc\/wp-content\/uploads\/2023\/09\/WhatsApp-Image-2023-09-05-at-07.34.38-150x150.jpeg 150w, https:\/\/pos.uel.br\/ppgsoc\/wp-content\/uploads\/2023\/09\/WhatsApp-Image-2023-09-05-at-07.34.38-768x768.jpeg 768w, https:\/\/pos.uel.br\/ppgsoc\/wp-content\/uploads\/2023\/09\/WhatsApp-Image-2023-09-05-at-07.34.38.jpeg 1080w\" sizes=\"auto, (max-width: 1093px) 100vw, 1093px\" \/><\/figure>\n\n\n\n<p>Para saber mais <a href=\"https:\/\/pos.uel.br\/ppgsoc\/wp-content\/uploads\/2023\/09\/Edital-PPGSOC-N.-031_2023-Selecao-M_D-Turma-2024-1.pdf\">acesse aqui.<\/a><\/p>\n","protected":false},"excerpt":{"rendered":"<p>O edital para o ingresso no Mestrado e Doutorado no primeiro per\u00edodo letivo de 2024 do Programa de P\u00f3s Gradua\u00e7\u00e3o em Sociologia da Universidade Estadual de Londrina j\u00e1 se encontra dispon\u00edvel na aba &#8220;editais&#8221; do site. Para saber mais acesse aqui.<\/p>\n","protected":false},"author":8,"featured_media":3002,"comment_status":"open","ping_status":"open","sticky":false,"template":"","format":"standard","meta":{"_acf_changed":false,"footnotes":""},"categories":[1],"tags":[],"class_list":["post-3001","post","type-post","status-publish","format-standard","has-post-thumbnail","hentry","category-sem-categoria"],"acf":[],"_links":{"self":[{"href":"https:\/\/pos.uel.br\/ppgsoc\/wp-json\/wp\/v2\/posts\/3001","targetHints":{"allow":["GET"]}}],"collection":[{"href":"https:\/\/pos.uel.br\/ppgsoc\/wp-json\/wp\/v2\/posts"}],"about":[{"href":"https:\/\/pos.uel.br\/ppgsoc\/wp-json\/wp\/v2\/types\/post"}],"author":[{"embeddable":true,"href":"https:\/\/pos.uel.br\/ppgsoc\/wp-json\/wp\/v2\/users\/8"}],"replies":[{"embeddable":true,"href":"https:\/\/pos.uel.br\/ppgsoc\/wp-json\/wp\/v2\/comments?post=3001"}],"version-history":[{"count":1,"href":"https:\/\/pos.uel.br\/ppgsoc\/wp-json\/wp\/v2\/posts\/3001\/revisions"}],"predecessor-version":[{"id":3003,"href":"https:\/\/pos.uel.br\/ppgsoc\/wp-json\/wp\/v2\/posts\/3001\/revisions\/3003"}],"wp:featuredmedia":[{"embeddable":true,"href":"https:\/\/pos.uel.br\/ppgsoc\/wp-json\/wp\/v2\/media\/3002"}],"wp:attachment":[{"href":"https:\/\/pos.uel.br\/ppgsoc\/wp-json\/wp\/v2\/media?parent=3001"}],"wp:term":[{"taxonomy":"category","embeddable":true,"href":"https:\/\/pos.uel.br\/ppgsoc\/wp-json\/wp\/v2\/categories?post=3001"},{"taxonomy":"post_tag","embeddable":true,"href":"https:\/\/pos.uel.br\/ppgsoc\/wp-json\/wp\/v2\/tags?post=3001"}],"curies":[{"name":"wp","href":"https:\/\/api.w.org\/{rel}","templated":true}]}}