{"id":2990,"date":"2023-08-31T20:58:19","date_gmt":"2023-08-31T23:58:19","guid":{"rendered":"https:\/\/pos.uel.br\/ppgsoc\/?p=2990"},"modified":"2023-08-31T20:58:20","modified_gmt":"2023-08-31T23:58:20","slug":"evento-iv-sepech-seminario-de-ensino-pesquisa-e-extensao-em-ciencias-humanas-do-centro-de-letras-e-ciencias-humanas-da-universidade-estadual-de-londrina","status":"publish","type":"post","link":"https:\/\/pos.uel.br\/ppgsoc\/sem-categoria\/2023\/08\/31\/evento-iv-sepech-seminario-de-ensino-pesquisa-e-extensao-em-ciencias-humanas-do-centro-de-letras-e-ciencias-humanas-da-universidade-estadual-de-londrina\/","title":{"rendered":"Evento: IV SEPECH \u2013 Semin\u00e1rio de Ensino, Pesquisa e Extens\u00e3o em Ci\u00eancias Humanas, do Centro de Letras e Ci\u00eancias Humanas da Universidade Estadual de Londrina"},"content":{"rendered":"\n<p>O XIV SEPECH \u2013 Semin\u00e1rio de Ensino, Pesquisa e Extens\u00e3o em Ci\u00eancias Humanas, do Centro de Letras e Ci\u00eancias Humanas da Universidade Estadual de Londrina, ser\u00e1 realizado nos dias 23 a 26 de outubro de 2023 na UEL, com o tema: Produ\u00e7\u00e3o de conhecimento nas Humanidades: com quem, para quem? A indissociabilidade entre ensino, pesquisa e extens\u00e3o em debate.<\/p>\n\n\n\n<figure class=\"wp-block-image size-large is-resized\"><img loading=\"lazy\" decoding=\"async\" src=\"https:\/\/pos.uel.br\/ppgsoc\/wp-content\/uploads\/2023\/08\/WhatsApp-Image-2023-08-31-at-20.54.53-1024x507.jpeg\" alt=\"\" class=\"wp-image-2991\" style=\"width:1208px;height:598px\" width=\"1208\" height=\"598\" srcset=\"https:\/\/pos.uel.br\/ppgsoc\/wp-content\/uploads\/2023\/08\/WhatsApp-Image-2023-08-31-at-20.54.53-1024x507.jpeg 1024w, https:\/\/pos.uel.br\/ppgsoc\/wp-content\/uploads\/2023\/08\/WhatsApp-Image-2023-08-31-at-20.54.53-300x149.jpeg 300w, https:\/\/pos.uel.br\/ppgsoc\/wp-content\/uploads\/2023\/08\/WhatsApp-Image-2023-08-31-at-20.54.53-768x380.jpeg 768w, https:\/\/pos.uel.br\/ppgsoc\/wp-content\/uploads\/2023\/08\/WhatsApp-Image-2023-08-31-at-20.54.53.jpeg 1244w\" sizes=\"auto, (max-width: 1208px) 100vw, 1208px\" \/><\/figure>\n\n\n\n<p>Acesse o link para maiores informa\u00e7\u00f5es\u00a0<a href=\"https:\/\/mapeamentonap.wixsite.com\/xiv-sepech\"><strong>clicando aqui<\/strong><\/a>.<\/p>\n\n\n\n<p> <\/p>\n","protected":false},"excerpt":{"rendered":"<p>O XIV SEPECH \u2013 Semin\u00e1rio de Ensino, Pesquisa e Extens\u00e3o em Ci\u00eancias Humanas, do Centro de Letras e Ci\u00eancias Humanas da Universidade Estadual de Londrina, ser\u00e1 realizado nos dias 23 a 26 de outubro de 2023 na UEL, com o tema: Produ\u00e7\u00e3o de conhecimento nas Humanidades: com quem, para quem? A indissociabilidade entre ensino, pesquisa [&hellip;]<\/p>\n","protected":false},"author":8,"featured_media":2991,"comment_status":"open","ping_status":"open","sticky":false,"template":"","format":"standard","meta":{"_acf_changed":false,"footnotes":""},"categories":[1],"tags":[],"class_list":["post-2990","post","type-post","status-publish","format-standard","has-post-thumbnail","hentry","category-sem-categoria"],"acf":[],"_links":{"self":[{"href":"https:\/\/pos.uel.br\/ppgsoc\/wp-json\/wp\/v2\/posts\/2990","targetHints":{"allow":["GET"]}}],"collection":[{"href":"https:\/\/pos.uel.br\/ppgsoc\/wp-json\/wp\/v2\/posts"}],"about":[{"href":"https:\/\/pos.uel.br\/ppgsoc\/wp-json\/wp\/v2\/types\/post"}],"author":[{"embeddable":true,"href":"https:\/\/pos.uel.br\/ppgsoc\/wp-json\/wp\/v2\/users\/8"}],"replies":[{"embeddable":true,"href":"https:\/\/pos.uel.br\/ppgsoc\/wp-json\/wp\/v2\/comments?post=2990"}],"version-history":[{"count":1,"href":"https:\/\/pos.uel.br\/ppgsoc\/wp-json\/wp\/v2\/posts\/2990\/revisions"}],"predecessor-version":[{"id":2992,"href":"https:\/\/pos.uel.br\/ppgsoc\/wp-json\/wp\/v2\/posts\/2990\/revisions\/2992"}],"wp:featuredmedia":[{"embeddable":true,"href":"https:\/\/pos.uel.br\/ppgsoc\/wp-json\/wp\/v2\/media\/2991"}],"wp:attachment":[{"href":"https:\/\/pos.uel.br\/ppgsoc\/wp-json\/wp\/v2\/media?parent=2990"}],"wp:term":[{"taxonomy":"category","embeddable":true,"href":"https:\/\/pos.uel.br\/ppgsoc\/wp-json\/wp\/v2\/categories?post=2990"},{"taxonomy":"post_tag","embeddable":true,"href":"https:\/\/pos.uel.br\/ppgsoc\/wp-json\/wp\/v2\/tags?post=2990"}],"curies":[{"name":"wp","href":"https:\/\/api.w.org\/{rel}","templated":true}]}}