{"id":2980,"date":"2023-08-31T20:15:28","date_gmt":"2023-08-31T23:15:28","guid":{"rendered":"https:\/\/pos.uel.br\/ppgsoc\/?p=2980"},"modified":"2023-08-31T20:15:30","modified_gmt":"2023-08-31T23:15:30","slug":"chamada-para-apresentacao-de-trabalhos-no-v-sigesex","status":"publish","type":"post","link":"https:\/\/pos.uel.br\/ppgsoc\/sem-categoria\/2023\/08\/31\/chamada-para-apresentacao-de-trabalhos-no-v-sigesex\/","title":{"rendered":"Chamada para apresenta\u00e7\u00e3o de trabalhos no V SIGESEX"},"content":{"rendered":"\n<p>O Simp\u00f3sio de G\u00eanero e Sexualidade (Sigesex) est\u00e1 na sua quinta edi\u00e7\u00e3o com o tema:\u00a0Mulheres, LGBTQIA+ e desigualdades sociais \u2013 A vulnerabilidade amplificada durante a pandemia de Covid-19\u00a0 Por meio de confer\u00eancias, palestras, grupos de trabalho e debates, iremos discutir o impacto dessa emerg\u00eancia de sa\u00fade p\u00fablica nas vidas e nas exist\u00eancias de popula\u00e7\u00f5es j\u00e1 vulnerabilizadas pelas quest\u00f5es de g\u00eanero, sexualidade e \u00e9tnico raciais.\u00a0<\/p>\n\n\n\n<figure class=\"wp-block-image size-large is-resized\"><img loading=\"lazy\" decoding=\"async\" src=\"https:\/\/pos.uel.br\/ppgsoc\/wp-content\/uploads\/2023\/08\/Divulgacao-SIGESEX-1-1024x576.jpg\" alt=\"\" class=\"wp-image-2982\" style=\"width:1206px;height:576px\" width=\"1206\" height=\"576\"\/><\/figure>\n\n\n\n<p>Nesta edi\u00e7\u00e3o do Sigesex, o evento ter\u00e1 a presen\u00e7a da ministra das mulheres, Cida Gon\u00e7alves.\u00a0O evento \u00e9 uma realiza\u00e7\u00e3o do Laborat\u00f3rio de Estudos de Viol\u00eancia e Sexualidade da Universidade Federal de Mato Grosso do Sul (LEVS\/UFMS) e do N\u00facleo de Estudos de Inova\u00e7\u00e3o Social da Fronteira (NEISF), com o apoio financeiro da Fundect e a parceria da C\u00e1tedra Unesco\/UFGD \u201cDiversidade Cultural, G\u00eanero e Fronteiras\u201d.<\/p>\n\n\n\n<p>Para maiores informa\u00e7\u00f5es acessar: <a href=\"https:\/\/sigesex.wordpress.com\/\">https:\/\/sigesex.wordpress.com\/<\/a><\/p>\n","protected":false},"excerpt":{"rendered":"<p>O Simp\u00f3sio de G\u00eanero e Sexualidade (Sigesex) est\u00e1 na sua quinta edi\u00e7\u00e3o com o tema:\u00a0Mulheres, LGBTQIA+ e desigualdades sociais \u2013 A vulnerabilidade amplificada durante a pandemia de Covid-19\u00a0 Por meio de confer\u00eancias, palestras, grupos de trabalho e debates, iremos discutir o impacto dessa emerg\u00eancia de sa\u00fade p\u00fablica nas vidas e nas exist\u00eancias de popula\u00e7\u00f5es j\u00e1 [&hellip;]<\/p>\n","protected":false},"author":8,"featured_media":2983,"comment_status":"open","ping_status":"open","sticky":false,"template":"","format":"standard","meta":{"_acf_changed":false,"footnotes":""},"categories":[1],"tags":[],"class_list":["post-2980","post","type-post","status-publish","format-standard","has-post-thumbnail","hentry","category-sem-categoria"],"acf":[],"_links":{"self":[{"href":"https:\/\/pos.uel.br\/ppgsoc\/wp-json\/wp\/v2\/posts\/2980","targetHints":{"allow":["GET"]}}],"collection":[{"href":"https:\/\/pos.uel.br\/ppgsoc\/wp-json\/wp\/v2\/posts"}],"about":[{"href":"https:\/\/pos.uel.br\/ppgsoc\/wp-json\/wp\/v2\/types\/post"}],"author":[{"embeddable":true,"href":"https:\/\/pos.uel.br\/ppgsoc\/wp-json\/wp\/v2\/users\/8"}],"replies":[{"embeddable":true,"href":"https:\/\/pos.uel.br\/ppgsoc\/wp-json\/wp\/v2\/comments?post=2980"}],"version-history":[{"count":1,"href":"https:\/\/pos.uel.br\/ppgsoc\/wp-json\/wp\/v2\/posts\/2980\/revisions"}],"predecessor-version":[{"id":2984,"href":"https:\/\/pos.uel.br\/ppgsoc\/wp-json\/wp\/v2\/posts\/2980\/revisions\/2984"}],"wp:featuredmedia":[{"embeddable":true,"href":"https:\/\/pos.uel.br\/ppgsoc\/wp-json\/wp\/v2\/media\/2983"}],"wp:attachment":[{"href":"https:\/\/pos.uel.br\/ppgsoc\/wp-json\/wp\/v2\/media?parent=2980"}],"wp:term":[{"taxonomy":"category","embeddable":true,"href":"https:\/\/pos.uel.br\/ppgsoc\/wp-json\/wp\/v2\/categories?post=2980"},{"taxonomy":"post_tag","embeddable":true,"href":"https:\/\/pos.uel.br\/ppgsoc\/wp-json\/wp\/v2\/tags?post=2980"}],"curies":[{"name":"wp","href":"https:\/\/api.w.org\/{rel}","templated":true}]}}