{"id":2923,"date":"2023-07-10T14:17:55","date_gmt":"2023-07-10T17:17:55","guid":{"rendered":"https:\/\/pos.uel.br\/ppgsoc\/?p=2923"},"modified":"2023-07-10T14:18:10","modified_gmt":"2023-07-10T17:18:10","slug":"2923","status":"publish","type":"post","link":"https:\/\/pos.uel.br\/ppgsoc\/sem-categoria\/2023\/07\/10\/2923\/","title":{"rendered":"Evento: Feminic\u00eddios no Paran\u00e1: visibilidade e enfrentamento"},"content":{"rendered":"\n<p>O Laborat\u00f3rio de Estudos de Feminic\u00eddios (LESFEM) realizar\u00e1, no dia 28 de julho, das 9h \u00e0s 12h, o evento&nbsp;<em>Feminic\u00eddios no Paran\u00e1: visibilidade e enfrentamento<\/em>, que ocorrer\u00e1 no Plen\u00e1rio do J\u00fari do F\u00f3rum Criminal da Comarca de Londrina (Av. Tiradentes, 1.575).&nbsp;<\/p>\n\n\n<div class=\"wp-block-image\">\n<figure class=\"aligncenter size-full is-resized\"><img loading=\"lazy\" decoding=\"async\" src=\"https:\/\/pos.uel.br\/ppgsoc\/wp-content\/uploads\/2023\/07\/image.png\" alt=\"\" class=\"wp-image-2924\" width=\"499\" height=\"499\" srcset=\"https:\/\/pos.uel.br\/ppgsoc\/wp-content\/uploads\/2023\/07\/image.png 1024w, https:\/\/pos.uel.br\/ppgsoc\/wp-content\/uploads\/2023\/07\/image-300x300.png 300w, https:\/\/pos.uel.br\/ppgsoc\/wp-content\/uploads\/2023\/07\/image-150x150.png 150w, https:\/\/pos.uel.br\/ppgsoc\/wp-content\/uploads\/2023\/07\/image-768x768.png 768w\" sizes=\"auto, (max-width: 499px) 100vw, 499px\" \/><\/figure>\n<\/div>\n\n\n<p>A atividade \u00e9 alusiva ao Dia Estadual de Combate ao Feminic\u00eddio no Paran\u00e1, realizado em 22 de julho. A data, escolhida em raz\u00e3o da mem\u00f3ria do feminic\u00eddio da advogada guarapuavana Tatiane Spitzner, ocorrido em 2018, traz consigo a simbologia do tema da viol\u00eancia de g\u00eanero e pretende dar visibilidade aos casos de viol\u00eancia dom\u00e9stica e familiar, que culminam em crimes de homic\u00eddios, consumados ou tentados, de mulheres, seja em raz\u00e3o da sua condi\u00e7\u00e3o do sexo feminino ou de menosprezo\/discrimina\u00e7\u00e3o \u00e0 viv\u00eancia enquanto mulher.\u202f&nbsp;<\/p>\n\n\n\n<p>O evento \u00e9 voltado para pesquisadoras, pesquisadores, profissionais e o p\u00fablico em geral interessado no tema da viol\u00eancia contra a mulher.&nbsp;Realizado no formato de mesa redonda, ter\u00e1 as seguintes palestras:&nbsp;<\/p>\n\n\n\n<ol class=\"wp-block-list\" type=\"a\">\n<li><strong>Feminic\u00eddios no tribunal do j\u00fari: diretrizes do protocolo para julgamento com perspectiva de g\u00eanero do CNJ<\/strong><\/li>\n<\/ol>\n\n\n\n<p>Palestrante convidada: Gabriela Luciano Borri Aranda, ju\u00edza de Direito, vinculada ao Tribunal de Justi\u00e7a do Estado do Paran\u00e1.&nbsp;<\/p>\n\n\n\n<ul class=\"wp-block-list\">\n<li><strong>Feminic\u00eddio na imprensa: linguagem jornal\u00edstica e produ\u00e7\u00e3o de sentidos<\/strong><\/li>\n<\/ul>\n\n\n\n<p>Palestrante convidado: Dr. Reinaldo C\u00e9sar Zanardi, professor do Departamento de Comunica\u00e7\u00e3o da Universidade Estadual de Londrina.&nbsp;<\/p>\n\n\n\n<ul class=\"wp-block-list\">\n<li><strong>Grupo reflexivo para homens agressores<\/strong><\/li>\n<\/ul>\n\n\n\n<p>Palestrante convidado: Eldom Stevem Barbosa dos Santos, juiz de Direito, vinculado ao Tribunal de Justi\u00e7a do Estado do Paran\u00e1.&nbsp;<\/p>\n\n\n\n<ul class=\"wp-block-list\">\n<li><strong>Atua\u00e7\u00e3o do&nbsp;<\/strong><strong>N\u00e9ias<\/strong><strong>&nbsp;\u2013 Observat\u00f3rio de Feminic\u00eddios Londrina<\/strong><\/li>\n<\/ul>\n\n\n\n<p>Palestrante convidada: Ma. Meire Moreno, m\u00e3e, professora da rede estadual de ensino, doutoranda em Sociologia pela Universidade Estadual de Londrina,&nbsp;ativista feminista e integrante do N\u00e9ias \u2013 Observat\u00f3rio de Feminic\u00eddios Londrina.&nbsp;<\/p>\n\n\n\n<p>As inscri\u00e7\u00f5es podem ser realizadas entre 10&nbsp;a 26 de julho pelo sistema UEL. Link de acesso:&nbsp;<a href=\"http:\/\/www.uel.br\/eventos\/insc\/?id=8360\">http:\/\/www.uel.br\/eventos\/insc\/?id=8360<\/a>.<\/p>\n","protected":false},"excerpt":{"rendered":"<p>O Laborat\u00f3rio de Estudos de Feminic\u00eddios (LESFEM) realizar\u00e1, no dia 28 de julho, das 9h \u00e0s 12h, o evento&nbsp;Feminic\u00eddios no Paran\u00e1: visibilidade e enfrentamento, que ocorrer\u00e1 no Plen\u00e1rio do J\u00fari do F\u00f3rum Criminal da Comarca de Londrina (Av. Tiradentes, 1.575).&nbsp; A atividade \u00e9 alusiva ao Dia Estadual de Combate ao Feminic\u00eddio no Paran\u00e1, realizado em [&hellip;]<\/p>\n","protected":false},"author":8,"featured_media":2924,"comment_status":"open","ping_status":"open","sticky":false,"template":"","format":"standard","meta":{"_acf_changed":false,"footnotes":""},"categories":[1],"tags":[],"class_list":["post-2923","post","type-post","status-publish","format-standard","has-post-thumbnail","hentry","category-sem-categoria"],"acf":[],"_links":{"self":[{"href":"https:\/\/pos.uel.br\/ppgsoc\/wp-json\/wp\/v2\/posts\/2923","targetHints":{"allow":["GET"]}}],"collection":[{"href":"https:\/\/pos.uel.br\/ppgsoc\/wp-json\/wp\/v2\/posts"}],"about":[{"href":"https:\/\/pos.uel.br\/ppgsoc\/wp-json\/wp\/v2\/types\/post"}],"author":[{"embeddable":true,"href":"https:\/\/pos.uel.br\/ppgsoc\/wp-json\/wp\/v2\/users\/8"}],"replies":[{"embeddable":true,"href":"https:\/\/pos.uel.br\/ppgsoc\/wp-json\/wp\/v2\/comments?post=2923"}],"version-history":[{"count":2,"href":"https:\/\/pos.uel.br\/ppgsoc\/wp-json\/wp\/v2\/posts\/2923\/revisions"}],"predecessor-version":[{"id":2926,"href":"https:\/\/pos.uel.br\/ppgsoc\/wp-json\/wp\/v2\/posts\/2923\/revisions\/2926"}],"wp:featuredmedia":[{"embeddable":true,"href":"https:\/\/pos.uel.br\/ppgsoc\/wp-json\/wp\/v2\/media\/2924"}],"wp:attachment":[{"href":"https:\/\/pos.uel.br\/ppgsoc\/wp-json\/wp\/v2\/media?parent=2923"}],"wp:term":[{"taxonomy":"category","embeddable":true,"href":"https:\/\/pos.uel.br\/ppgsoc\/wp-json\/wp\/v2\/categories?post=2923"},{"taxonomy":"post_tag","embeddable":true,"href":"https:\/\/pos.uel.br\/ppgsoc\/wp-json\/wp\/v2\/tags?post=2923"}],"curies":[{"name":"wp","href":"https:\/\/api.w.org\/{rel}","templated":true}]}}