{"id":2898,"date":"2023-06-19T13:34:55","date_gmt":"2023-06-19T16:34:55","guid":{"rendered":"https:\/\/pos.uel.br\/ppgsoc\/?p=2898"},"modified":"2023-06-19T13:34:56","modified_gmt":"2023-06-19T16:34:56","slug":"nova-edicao-da-revista-tempo-espaco-e-linguagem-tel","status":"publish","type":"post","link":"https:\/\/pos.uel.br\/ppgsoc\/sem-categoria\/2023\/06\/19\/nova-edicao-da-revista-tempo-espaco-e-linguagem-tel\/","title":{"rendered":"Nova edi\u00e7\u00e3o da\u00a0Revista Tempo, Espa\u00e7o e Linguagem &#8211; TEL"},"content":{"rendered":"\n<p>Foi publicada a nova edi\u00e7\u00e3o da\u00a0<a rel=\"noreferrer noopener\" href=\"https:\/\/revistas.uepg.br\/index.php\/tel\/issue\/view\/906\" target=\"_blank\"><strong>Revista Tempo, Espa\u00e7o e Linguagem &#8211; TEL (Volume 14, n. 1, 2023)<\/strong><\/a>.<\/p>\n\n\n\n<p>O dossi\u00ea Di\u00e1logos interdisciplinares: os sujeitos circunscritos pelos marcadores sociais da diferen\u00e7a, foi organizado pelas pesquisadoras Me. Kamila Dinucci Correia Silva (Universidade Federal de Ouro Preto) e \u00a0Me. Valeska Bassi de Souza (Universidade Federal de Mato Grosso). Esta edi\u00e7\u00e3o conta com dezesseis artigos, alinhados a partir de uma perspectiva interdisciplinar e interseccional que visam apresentar pesquisas e escritas que tratam de propostas que subvertem a produ\u00e7\u00e3o de conhecimento hegem\u00f4nica, tradicional e excludente, que pensam a diversidade a partir do rompimento do racismo epist\u00eamico, da elitiza\u00e7\u00e3o dos espa\u00e7os educativos e da domina\u00e7\u00e3o de g\u00eanero. Integram ainda este n\u00famero seis artigos livres, que dialogam em mais ou menos grau com a tem\u00e1tica do dossi\u00ea, al\u00e9m de dois ensaios, uma resenha e uma entrevista.<\/p>\n\n\n<div class=\"wp-block-image\">\n<figure class=\"aligncenter size-large is-resized\"><img loading=\"lazy\" decoding=\"async\" src=\"https:\/\/pos.uel.br\/ppgsoc\/wp-content\/uploads\/2023\/06\/01-Capa-TEL-Volume-14-Numero-1-724x1024.png\" alt=\"\" class=\"wp-image-2899\" width=\"317\" height=\"449\" srcset=\"https:\/\/pos.uel.br\/ppgsoc\/wp-content\/uploads\/2023\/06\/01-Capa-TEL-Volume-14-Numero-1-724x1024.png 724w, https:\/\/pos.uel.br\/ppgsoc\/wp-content\/uploads\/2023\/06\/01-Capa-TEL-Volume-14-Numero-1-212x300.png 212w, https:\/\/pos.uel.br\/ppgsoc\/wp-content\/uploads\/2023\/06\/01-Capa-TEL-Volume-14-Numero-1-768x1086.png 768w, https:\/\/pos.uel.br\/ppgsoc\/wp-content\/uploads\/2023\/06\/01-Capa-TEL-Volume-14-Numero-1-1086x1536.png 1086w, https:\/\/pos.uel.br\/ppgsoc\/wp-content\/uploads\/2023\/06\/01-Capa-TEL-Volume-14-Numero-1.png 1414w\" sizes=\"auto, (max-width: 317px) 100vw, 317px\" \/><\/figure>\n<\/div>\n\n\n<p>Acesse: <strong><a rel=\"noreferrer noopener\" href=\"https:\/\/revistas.uepg.br\/index.php\/tel\/issue\/view\/906\" target=\"_blank\">Revista TEL, Volume 13, N\u00famero 01, Jan-Jun 2023.<\/a><\/strong><\/p>\n","protected":false},"excerpt":{"rendered":"<p>Foi publicada a nova edi\u00e7\u00e3o da\u00a0Revista Tempo, Espa\u00e7o e Linguagem &#8211; TEL (Volume 14, n. 1, 2023). O dossi\u00ea Di\u00e1logos interdisciplinares: os sujeitos circunscritos pelos marcadores sociais da diferen\u00e7a, foi organizado pelas pesquisadoras Me. Kamila Dinucci Correia Silva (Universidade Federal de Ouro Preto) e \u00a0Me. Valeska Bassi de Souza (Universidade Federal de Mato Grosso). Esta [&hellip;]<\/p>\n","protected":false},"author":8,"featured_media":2899,"comment_status":"open","ping_status":"open","sticky":false,"template":"","format":"standard","meta":{"_acf_changed":false,"footnotes":""},"categories":[1],"tags":[],"class_list":["post-2898","post","type-post","status-publish","format-standard","has-post-thumbnail","hentry","category-sem-categoria"],"acf":[],"_links":{"self":[{"href":"https:\/\/pos.uel.br\/ppgsoc\/wp-json\/wp\/v2\/posts\/2898","targetHints":{"allow":["GET"]}}],"collection":[{"href":"https:\/\/pos.uel.br\/ppgsoc\/wp-json\/wp\/v2\/posts"}],"about":[{"href":"https:\/\/pos.uel.br\/ppgsoc\/wp-json\/wp\/v2\/types\/post"}],"author":[{"embeddable":true,"href":"https:\/\/pos.uel.br\/ppgsoc\/wp-json\/wp\/v2\/users\/8"}],"replies":[{"embeddable":true,"href":"https:\/\/pos.uel.br\/ppgsoc\/wp-json\/wp\/v2\/comments?post=2898"}],"version-history":[{"count":1,"href":"https:\/\/pos.uel.br\/ppgsoc\/wp-json\/wp\/v2\/posts\/2898\/revisions"}],"predecessor-version":[{"id":2900,"href":"https:\/\/pos.uel.br\/ppgsoc\/wp-json\/wp\/v2\/posts\/2898\/revisions\/2900"}],"wp:featuredmedia":[{"embeddable":true,"href":"https:\/\/pos.uel.br\/ppgsoc\/wp-json\/wp\/v2\/media\/2899"}],"wp:attachment":[{"href":"https:\/\/pos.uel.br\/ppgsoc\/wp-json\/wp\/v2\/media?parent=2898"}],"wp:term":[{"taxonomy":"category","embeddable":true,"href":"https:\/\/pos.uel.br\/ppgsoc\/wp-json\/wp\/v2\/categories?post=2898"},{"taxonomy":"post_tag","embeddable":true,"href":"https:\/\/pos.uel.br\/ppgsoc\/wp-json\/wp\/v2\/tags?post=2898"}],"curies":[{"name":"wp","href":"https:\/\/api.w.org\/{rel}","templated":true}]}}