{"id":2895,"date":"2023-06-19T13:32:51","date_gmt":"2023-06-19T16:32:51","guid":{"rendered":"https:\/\/pos.uel.br\/ppgsoc\/?p=2895"},"modified":"2023-06-19T13:32:51","modified_gmt":"2023-06-19T16:32:51","slug":"iv-congresso-brasileiro-interdisciplinar-em-ciencia-e-tecnologia-cobicet","status":"publish","type":"post","link":"https:\/\/pos.uel.br\/ppgsoc\/sem-categoria\/2023\/06\/19\/iv-congresso-brasileiro-interdisciplinar-em-ciencia-e-tecnologia-cobicet\/","title":{"rendered":"\u00a0IV Congresso Brasileiro Interdisciplinar em Ci\u00eancia e Tecnologia \u2013\u00a0CoBICET"},"content":{"rendered":"\n<p>Ser\u00e1 realizado, entre\u00a0<strong>28 de agosto e 01 de setembro de 2023<\/strong>, o <strong>\u00a0IV Congresso Brasileiro Interdisciplinar em Ci\u00eancia e Tecnologia \u2013\u00a0CoBICET<\/strong>\u00a0. O congresso nasceu em 2020, durante a pandemia, em resposta aos anseios de estudantes, docentes, coordenadores e demais colaboradores dos Bacharelados Interdisciplinares (BIs) da \u00e1rea de Ci\u00eancia\u00a0e Tecnologia. O evento cresceu, se expandiu, mas mant\u00e9m sua ess\u00eancia e proposta de integrar os profissionais de\u00a0todas as \u00e1reas\u00a0t\u00e9cnicas e profissionais e de pesquisa. Como resultado dessa proposta o\u00a0CoBICET\u00a0foi premiado no\u00a0Summit 2022\u00a0como evento destaque em Pesquisa e Ci\u00eancia.\u00a0<\/p>\n\n\n<div class=\"wp-block-image\">\n<figure class=\"aligncenter size-full\"><img loading=\"lazy\" decoding=\"async\" width=\"820\" height=\"312\" src=\"https:\/\/pos.uel.br\/ppgsoc\/wp-content\/uploads\/2023\/06\/image.png\" alt=\"\" class=\"wp-image-2896\" srcset=\"https:\/\/pos.uel.br\/ppgsoc\/wp-content\/uploads\/2023\/06\/image.png 820w, https:\/\/pos.uel.br\/ppgsoc\/wp-content\/uploads\/2023\/06\/image-300x114.png 300w, https:\/\/pos.uel.br\/ppgsoc\/wp-content\/uploads\/2023\/06\/image-768x292.png 768w\" sizes=\"auto, (max-width: 820px) 100vw, 820px\" \/><\/figure>\n<\/div>\n\n\n<p>Para a edi\u00e7\u00e3o deste ano, a ser realizada 100% online, o tema\u00a0\u00e9 <strong>\u201c<\/strong><strong>Educa\u00e7\u00e3o inovadora: ensino, pesquisa e extens\u00e3o interdisciplinar<\/strong><strong>\u201d<\/strong>.\u00a0O evento conta com\u00a0palestras, minicursos\u00a0e\u00a0submiss\u00f5es de trabalhos, e haver\u00e1 emiss\u00e3o de certificados.\u00a0<\/p>\n\n\n\n<p>Inscri\u00e7\u00f5es abertas, e processo de submiss\u00e3o dispon\u00edveis neste <a href=\"http:\/\/www.even3.com.br\/cobicet2023\" data-type=\"URL\" data-id=\"http:\/\/www.even3.com.br\/cobicet2023\">link<\/a>.<\/p>\n\n\n\n<p><\/p>\n","protected":false},"excerpt":{"rendered":"<p>Ser\u00e1 realizado, entre\u00a028 de agosto e 01 de setembro de 2023, o \u00a0IV Congresso Brasileiro Interdisciplinar em Ci\u00eancia e Tecnologia \u2013\u00a0CoBICET\u00a0. O congresso nasceu em 2020, durante a pandemia, em resposta aos anseios de estudantes, docentes, coordenadores e demais colaboradores dos Bacharelados Interdisciplinares (BIs) da \u00e1rea de Ci\u00eancia\u00a0e Tecnologia. O evento cresceu, se expandiu, mas [&hellip;]<\/p>\n","protected":false},"author":8,"featured_media":2896,"comment_status":"open","ping_status":"open","sticky":false,"template":"","format":"standard","meta":{"_acf_changed":false,"footnotes":""},"categories":[1],"tags":[],"class_list":["post-2895","post","type-post","status-publish","format-standard","has-post-thumbnail","hentry","category-sem-categoria"],"acf":[],"_links":{"self":[{"href":"https:\/\/pos.uel.br\/ppgsoc\/wp-json\/wp\/v2\/posts\/2895","targetHints":{"allow":["GET"]}}],"collection":[{"href":"https:\/\/pos.uel.br\/ppgsoc\/wp-json\/wp\/v2\/posts"}],"about":[{"href":"https:\/\/pos.uel.br\/ppgsoc\/wp-json\/wp\/v2\/types\/post"}],"author":[{"embeddable":true,"href":"https:\/\/pos.uel.br\/ppgsoc\/wp-json\/wp\/v2\/users\/8"}],"replies":[{"embeddable":true,"href":"https:\/\/pos.uel.br\/ppgsoc\/wp-json\/wp\/v2\/comments?post=2895"}],"version-history":[{"count":1,"href":"https:\/\/pos.uel.br\/ppgsoc\/wp-json\/wp\/v2\/posts\/2895\/revisions"}],"predecessor-version":[{"id":2897,"href":"https:\/\/pos.uel.br\/ppgsoc\/wp-json\/wp\/v2\/posts\/2895\/revisions\/2897"}],"wp:featuredmedia":[{"embeddable":true,"href":"https:\/\/pos.uel.br\/ppgsoc\/wp-json\/wp\/v2\/media\/2896"}],"wp:attachment":[{"href":"https:\/\/pos.uel.br\/ppgsoc\/wp-json\/wp\/v2\/media?parent=2895"}],"wp:term":[{"taxonomy":"category","embeddable":true,"href":"https:\/\/pos.uel.br\/ppgsoc\/wp-json\/wp\/v2\/categories?post=2895"},{"taxonomy":"post_tag","embeddable":true,"href":"https:\/\/pos.uel.br\/ppgsoc\/wp-json\/wp\/v2\/tags?post=2895"}],"curies":[{"name":"wp","href":"https:\/\/api.w.org\/{rel}","templated":true}]}}