{"id":2880,"date":"2023-05-16T11:24:06","date_gmt":"2023-05-16T14:24:06","guid":{"rendered":"https:\/\/pos.uel.br\/ppgsoc\/?p=2880"},"modified":"2023-05-16T11:24:48","modified_gmt":"2023-05-16T14:24:48","slug":"evento-seminario-por-uma-criminologia-euro-e-sul-americana","status":"publish","type":"post","link":"https:\/\/pos.uel.br\/ppgsoc\/sem-categoria\/2023\/05\/16\/evento-seminario-por-uma-criminologia-euro-e-sul-americana\/","title":{"rendered":"Evento: Semin\u00e1rio \u201cPor uma criminologia Euro e Sul-americana\u201d"},"content":{"rendered":"\n<p>Na pr\u00f3xima semana, entre os dias 24, 25 e 26 de maio, a Universidade Federal de Minas Gerais vai sediar o Semin\u00e1rio \u201cPor uma criminologia Euro e Sul-americana\u201d. A iniciativa \u00e9 uma organiza\u00e7\u00e3o do projeto Erasmus\/SuCCESS, que promove a colabora\u00e7\u00e3o entre universidades europeias e sul-americanas para a troca de experi\u00eancias nas \u00e1reas de criminologia e seguran\u00e7a p\u00fablica. Receberemos distintos pesquisadores da Col\u00f4mbia, Peru, Espanha e Portugal, al\u00e9m de colegas das universidades sediadas em Belo Horizonte.<\/p>\n\n\n<div class=\"wp-block-image\">\n<figure class=\"aligncenter size-full\"><img loading=\"lazy\" decoding=\"async\" width=\"441\" height=\"114\" src=\"https:\/\/pos.uel.br\/ppgsoc\/wp-content\/uploads\/2023\/05\/download.png\" alt=\"\" class=\"wp-image-2882\" srcset=\"https:\/\/pos.uel.br\/ppgsoc\/wp-content\/uploads\/2023\/05\/download.png 441w, https:\/\/pos.uel.br\/ppgsoc\/wp-content\/uploads\/2023\/05\/download-300x78.png 300w\" sizes=\"auto, (max-width: 441px) 100vw, 441px\" \/><\/figure>\n<\/div>\n\n\n<p>As inscri\u00e7\u00f5es podem ser realizadas neste link: https:\/\/forms.gle\/kao5ba2eMoVdPZmC9<\/p>\n","protected":false},"excerpt":{"rendered":"<p>Na pr\u00f3xima semana, entre os dias 24, 25 e 26 de maio, a Universidade Federal de Minas Gerais vai sediar o Semin\u00e1rio \u201cPor uma criminologia Euro e Sul-americana\u201d. A iniciativa \u00e9 uma organiza\u00e7\u00e3o do projeto Erasmus\/SuCCESS, que promove a colabora\u00e7\u00e3o entre universidades europeias e sul-americanas para a troca de experi\u00eancias nas \u00e1reas de criminologia e [&hellip;]<\/p>\n","protected":false},"author":8,"featured_media":2882,"comment_status":"open","ping_status":"open","sticky":false,"template":"","format":"standard","meta":{"_acf_changed":false,"footnotes":""},"categories":[1],"tags":[],"class_list":["post-2880","post","type-post","status-publish","format-standard","has-post-thumbnail","hentry","category-sem-categoria"],"acf":[],"_links":{"self":[{"href":"https:\/\/pos.uel.br\/ppgsoc\/wp-json\/wp\/v2\/posts\/2880","targetHints":{"allow":["GET"]}}],"collection":[{"href":"https:\/\/pos.uel.br\/ppgsoc\/wp-json\/wp\/v2\/posts"}],"about":[{"href":"https:\/\/pos.uel.br\/ppgsoc\/wp-json\/wp\/v2\/types\/post"}],"author":[{"embeddable":true,"href":"https:\/\/pos.uel.br\/ppgsoc\/wp-json\/wp\/v2\/users\/8"}],"replies":[{"embeddable":true,"href":"https:\/\/pos.uel.br\/ppgsoc\/wp-json\/wp\/v2\/comments?post=2880"}],"version-history":[{"count":2,"href":"https:\/\/pos.uel.br\/ppgsoc\/wp-json\/wp\/v2\/posts\/2880\/revisions"}],"predecessor-version":[{"id":2884,"href":"https:\/\/pos.uel.br\/ppgsoc\/wp-json\/wp\/v2\/posts\/2880\/revisions\/2884"}],"wp:featuredmedia":[{"embeddable":true,"href":"https:\/\/pos.uel.br\/ppgsoc\/wp-json\/wp\/v2\/media\/2882"}],"wp:attachment":[{"href":"https:\/\/pos.uel.br\/ppgsoc\/wp-json\/wp\/v2\/media?parent=2880"}],"wp:term":[{"taxonomy":"category","embeddable":true,"href":"https:\/\/pos.uel.br\/ppgsoc\/wp-json\/wp\/v2\/categories?post=2880"},{"taxonomy":"post_tag","embeddable":true,"href":"https:\/\/pos.uel.br\/ppgsoc\/wp-json\/wp\/v2\/tags?post=2880"}],"curies":[{"name":"wp","href":"https:\/\/api.w.org\/{rel}","templated":true}]}}