{"id":2877,"date":"2023-05-16T10:08:27","date_gmt":"2023-05-16T13:08:27","guid":{"rendered":"https:\/\/pos.uel.br\/ppgsoc\/?p=2877"},"modified":"2023-05-16T10:08:28","modified_gmt":"2023-05-16T13:08:28","slug":"lancamento-oficial-do-livro-vigilancias-e-silenciamentos-durante-a-ditadura-militar-brasileira","status":"publish","type":"post","link":"https:\/\/pos.uel.br\/ppgsoc\/sem-categoria\/2023\/05\/16\/lancamento-oficial-do-livro-vigilancias-e-silenciamentos-durante-a-ditadura-militar-brasileira\/","title":{"rendered":"Lan\u00e7amento oficial do livro &#8220;Vigil\u00e2ncias e silenciamentos durante a ditadura militar brasileira&#8221;"},"content":{"rendered":"\n<p>Lan\u00e7amento oficial do livro &#8220;Vigil\u00e2ncias e silenciamentos durante a ditadura militar brasileira&#8221; neste s\u00e1bado, dia 20 de maio, \u00e0s 16h, na Livraria Olga, localizada na R. Pio XII, 313 &#8211; Centro, Londrina &#8211; PR. O evento ter\u00e1 a participa\u00e7\u00e3o especial da pesquisadora e professora Dr. Maria Jos\u00e9 de Rezende (Ci\u00eancias Sociais UEL) e do pesquisador e professor Dr. Grimaldo Carneiro Zachariades, do Centro de Pesquisa e Documenta\u00e7\u00e3o de Hist\u00f3ria Contempor\u00e2nea Brasileira da Funda\u00e7\u00e3o Get\u00falio Vargas (CPDOC-FGV)<\/p>\n\n\n<div class=\"wp-block-image\">\n<figure class=\"aligncenter size-large is-resized\"><img loading=\"lazy\" decoding=\"async\" src=\"https:\/\/pos.uel.br\/ppgsoc\/wp-content\/uploads\/2023\/05\/WhatsApp-Image-2023-05-15-at-13.44.38-1024x1021.jpeg\" alt=\"\" class=\"wp-image-2878\" width=\"453\" height=\"451\" srcset=\"https:\/\/pos.uel.br\/ppgsoc\/wp-content\/uploads\/2023\/05\/WhatsApp-Image-2023-05-15-at-13.44.38-1024x1021.jpeg 1024w, https:\/\/pos.uel.br\/ppgsoc\/wp-content\/uploads\/2023\/05\/WhatsApp-Image-2023-05-15-at-13.44.38-300x300.jpeg 300w, https:\/\/pos.uel.br\/ppgsoc\/wp-content\/uploads\/2023\/05\/WhatsApp-Image-2023-05-15-at-13.44.38-150x150.jpeg 150w, https:\/\/pos.uel.br\/ppgsoc\/wp-content\/uploads\/2023\/05\/WhatsApp-Image-2023-05-15-at-13.44.38-768x766.jpeg 768w, https:\/\/pos.uel.br\/ppgsoc\/wp-content\/uploads\/2023\/05\/WhatsApp-Image-2023-05-15-at-13.44.38.jpeg 1080w\" sizes=\"auto, (max-width: 453px) 100vw, 453px\" \/><\/figure>\n<\/div>\n\n\n<p>Esta obra foi organizada pela Equipe do Laborat\u00f3rio de Estudos sobre Religi\u00e3o e Religiosidades (LERR), est\u00e1 associada ao Programa de Mestrado Profissional de Sociologia em Rede Nacional e contou com o apoio financeiro (PROAP-UEL) do Programa de P\u00f3s-Gradua\u00e7\u00e3o em Sociologia vinculados \u00e0 Universidade Estadual de Londrina (PR), por meio de recursos concedidos pela Coordena\u00e7\u00e3o de Aperfei\u00e7oamento de Pessoal de N\u00edvel Superior \u2013 Brasil e Bolsas de Inicia\u00e7\u00e3o Cient\u00edfica da Funda\u00e7\u00e3o Arauc\u00e1ria e do Conselho Nacional de Desenvolvimento Cient\u00edfico e Tecnol\u00f3gico. Al\u00e9m do Pref\u00e1cio da Profa. Dra. Maria Jos\u00e9 de Rezende (UEL), a obra re\u00fane nos seus 6 cap\u00edtulos contribui\u00e7\u00f5es de especialistas convidados, dentre eles: Dr. Am\u00e9rico Freire (FGV CPDOC), Dra Evanize Sydow (FGV &#8211; CPDOC), Dr. Ant\u00f4nio Mendes da Costa Braga (UNESP &#8211; Mar\u00edlia) e Luiz Ernesto Guimar\u00e3es (UEMG \u2013 Barbacena), bem como de docentes e discentes da Gradua\u00e7\u00e3o em Ci\u00eancias Sociais (UEL) e da P\u00f3s-Gradua\u00e7\u00e3o em Sociologia (UEL). A amplitude e densidade da obra se traduz na diversidade dos textos, situados no contexto s\u00f3cio-hist\u00f3rico da ditadura militar brasileira (1964-1985), capazes de trazer \u00e0 tona (gra\u00e7as \u00e0 Lei de Acesso \u00e0 Informa\u00e7\u00e3o n\u00ba 12.527\/2011 que possibilitou o acesso e a an\u00e1lise dos arquivos in\u00e9ditos do Servi\u00e7o Nacional de Informa\u00e7\u00f5es &#8211; SNI, cedidos ao N\u00facleo de Documenta\u00e7\u00e3o e Pesquisa Hist\u00f3rica &#8211; NDPH\/UEL, que soma o arquivamento de aproximadamente 7.000 documentos, registros at\u00e9 ent\u00e3o secretos sobre investiga\u00e7\u00f5es, persegui\u00e7\u00f5es, silenciamentos e repress\u00f5es a diversos segmentos da sociedade brasileira que se opuseram \u00e0 ditadura militar.<\/p>\n","protected":false},"excerpt":{"rendered":"<p>Lan\u00e7amento oficial do livro &#8220;Vigil\u00e2ncias e silenciamentos durante a ditadura militar brasileira&#8221; neste s\u00e1bado, dia 20 de maio, \u00e0s 16h, na Livraria Olga, localizada na R. Pio XII, 313 &#8211; Centro, Londrina &#8211; PR. O evento ter\u00e1 a participa\u00e7\u00e3o especial da pesquisadora e professora Dr. Maria Jos\u00e9 de Rezende (Ci\u00eancias Sociais UEL) e do pesquisador [&hellip;]<\/p>\n","protected":false},"author":8,"featured_media":2878,"comment_status":"open","ping_status":"open","sticky":false,"template":"","format":"standard","meta":{"_acf_changed":false,"footnotes":""},"categories":[1],"tags":[],"class_list":["post-2877","post","type-post","status-publish","format-standard","has-post-thumbnail","hentry","category-sem-categoria"],"acf":[],"_links":{"self":[{"href":"https:\/\/pos.uel.br\/ppgsoc\/wp-json\/wp\/v2\/posts\/2877","targetHints":{"allow":["GET"]}}],"collection":[{"href":"https:\/\/pos.uel.br\/ppgsoc\/wp-json\/wp\/v2\/posts"}],"about":[{"href":"https:\/\/pos.uel.br\/ppgsoc\/wp-json\/wp\/v2\/types\/post"}],"author":[{"embeddable":true,"href":"https:\/\/pos.uel.br\/ppgsoc\/wp-json\/wp\/v2\/users\/8"}],"replies":[{"embeddable":true,"href":"https:\/\/pos.uel.br\/ppgsoc\/wp-json\/wp\/v2\/comments?post=2877"}],"version-history":[{"count":1,"href":"https:\/\/pos.uel.br\/ppgsoc\/wp-json\/wp\/v2\/posts\/2877\/revisions"}],"predecessor-version":[{"id":2879,"href":"https:\/\/pos.uel.br\/ppgsoc\/wp-json\/wp\/v2\/posts\/2877\/revisions\/2879"}],"wp:featuredmedia":[{"embeddable":true,"href":"https:\/\/pos.uel.br\/ppgsoc\/wp-json\/wp\/v2\/media\/2878"}],"wp:attachment":[{"href":"https:\/\/pos.uel.br\/ppgsoc\/wp-json\/wp\/v2\/media?parent=2877"}],"wp:term":[{"taxonomy":"category","embeddable":true,"href":"https:\/\/pos.uel.br\/ppgsoc\/wp-json\/wp\/v2\/categories?post=2877"},{"taxonomy":"post_tag","embeddable":true,"href":"https:\/\/pos.uel.br\/ppgsoc\/wp-json\/wp\/v2\/tags?post=2877"}],"curies":[{"name":"wp","href":"https:\/\/api.w.org\/{rel}","templated":true}]}}