{"id":2862,"date":"2023-05-11T18:00:42","date_gmt":"2023-05-11T21:00:42","guid":{"rendered":"https:\/\/pos.uel.br\/ppgsoc\/?p=2862"},"modified":"2023-05-11T18:05:15","modified_gmt":"2023-05-11T21:05:15","slug":"2862","status":"publish","type":"post","link":"https:\/\/pos.uel.br\/ppgsoc\/sem-categoria\/2023\/05\/11\/2862\/","title":{"rendered":"Chamada de artigos: E-book &#8220;Corpos em Di\u00e1logo: Viv\u00eancias LGBTQIA+ e os desafios da interseccionalidade&#8221;"},"content":{"rendered":"\n<p class=\"has-text-align-left\">A Editora do Centro Latino-Americano de Estudos em Cultura &#8211; CLAEC, convida os interessados e estabelece normas para participa\u00e7\u00e3o por meio da proposi\u00e7\u00e3o de artigos, que poder\u00e3o compor o livro e-book <strong>Corpos em Di\u00e1logo: Viv\u00eancias LGBTQIA+ e os desafios da interseccionalidade<\/strong> parte do selo editorial \u201cCLAEC e-Books\u201d.<\/p>\n\n\n\n<p class=\"has-text-align-left\">T<strong>em\u00e1tica geral do livro<\/strong><\/p>\n\n\n\n<p class=\"has-text-align-left\">Essa obra oferece uma abordagem mais direta e desafiante, enfatizando a import\u00e2ncia do di\u00e1logo e da interseccionalidade na compreens\u00e3o das experi\u00eancias e desafios enfrentados pelas pessoas, organiza\u00e7\u00f5es e organismos LGBTQIA+. A inclus\u00e3o da palavra \u201cdi\u00e1logo\u201d sublinha a natureza de interc\u00e2mbio e reflex\u00e3o proposta pelo trabalho, enquanto a \u201cinterseccionalidade\u201d real\u00e7a a complexidade e interconectividade dos marcadores de ra\u00e7a, classe, g\u00eanero e&nbsp;sexualidade. Essa obra objetiva reunir narrativas sobre o exerc\u00edcio de reconhecimento e visibilidade de pessoas\/corpos LGBTQIA+ atrav\u00e9s de um di\u00e1logo interseccional nas diferentes \u00e1reas do conhecimento. Prop\u00f5em-se mergulhar nas viv\u00eancias e experi\u00eancias dos membros da comunidade LGBTQIA+ a reflexionar como eles est\u00e3o lutando por direitos, reconhecimento e aceita\u00e7\u00e3o de seus corpos e narrativas a partir do seu espa\u00e7o e\/ou lugar de fala. Nesse sentido, a obra vislumbra um espa\u00e7o de reflex\u00e3o, por meio de textos inovadores e perspicazes, como a diversidade de corpos\/pessoas LGBTQIA+ e os desafios enfrentados por estes corpos ao serem atravessados pelas mais diferentes \u00e1reas dos saberes, a exemplo da economia, da pol\u00edtica, da arte, da m\u00eddia, da ci\u00eancia e da tecnologia, al\u00e9m do exerc\u00edcio da cidadania em alus\u00e3o a realiza\u00e7\u00e3o de seus Direitos Humanos.<\/p>\n\n\n<div class=\"wp-block-image\">\n<figure class=\"aligncenter size-large is-resized\"><img loading=\"lazy\" decoding=\"async\" src=\"https:\/\/pos.uel.br\/ppgsoc\/wp-content\/uploads\/2023\/05\/image-1024x1024.png\" alt=\"\" class=\"wp-image-2863\" width=\"464\" height=\"464\" srcset=\"https:\/\/pos.uel.br\/ppgsoc\/wp-content\/uploads\/2023\/05\/image-1024x1024.png 1024w, https:\/\/pos.uel.br\/ppgsoc\/wp-content\/uploads\/2023\/05\/image-300x300.png 300w, https:\/\/pos.uel.br\/ppgsoc\/wp-content\/uploads\/2023\/05\/image-150x150.png 150w, https:\/\/pos.uel.br\/ppgsoc\/wp-content\/uploads\/2023\/05\/image-768x768.png 768w, https:\/\/pos.uel.br\/ppgsoc\/wp-content\/uploads\/2023\/05\/image.png 1080w\" sizes=\"auto, (max-width: 464px) 100vw, 464px\" \/><\/figure>\n<\/div>\n\n\n<p>Para maiores informa\u00e7\u00f5es, acesse: <a rel=\"noreferrer noopener\" href=\"https:\/\/claec.org\/editora\/?page_id=408\" target=\"_blank\">Editora CLAEC<\/a>&nbsp;ou&nbsp;<a rel=\"noreferrer noopener\" href=\"https:\/\/claec.org\/editora\/?page_id=408\" target=\"_blank\">https:\/\/claec.org\/editora\/?page_id=408<\/a><\/p>\n","protected":false},"excerpt":{"rendered":"<p>A Editora do Centro Latino-Americano de Estudos em Cultura &#8211; CLAEC, convida os interessados e estabelece normas para participa\u00e7\u00e3o por meio da proposi\u00e7\u00e3o de artigos, que poder\u00e3o compor o livro e-book Corpos em Di\u00e1logo: Viv\u00eancias LGBTQIA+ e os desafios da interseccionalidade parte do selo editorial \u201cCLAEC e-Books\u201d. Tem\u00e1tica geral do livro Essa obra oferece uma [&hellip;]<\/p>\n","protected":false},"author":8,"featured_media":2863,"comment_status":"open","ping_status":"open","sticky":false,"template":"","format":"standard","meta":{"_acf_changed":false,"footnotes":""},"categories":[1],"tags":[],"class_list":["post-2862","post","type-post","status-publish","format-standard","has-post-thumbnail","hentry","category-sem-categoria"],"acf":[],"_links":{"self":[{"href":"https:\/\/pos.uel.br\/ppgsoc\/wp-json\/wp\/v2\/posts\/2862","targetHints":{"allow":["GET"]}}],"collection":[{"href":"https:\/\/pos.uel.br\/ppgsoc\/wp-json\/wp\/v2\/posts"}],"about":[{"href":"https:\/\/pos.uel.br\/ppgsoc\/wp-json\/wp\/v2\/types\/post"}],"author":[{"embeddable":true,"href":"https:\/\/pos.uel.br\/ppgsoc\/wp-json\/wp\/v2\/users\/8"}],"replies":[{"embeddable":true,"href":"https:\/\/pos.uel.br\/ppgsoc\/wp-json\/wp\/v2\/comments?post=2862"}],"version-history":[{"count":2,"href":"https:\/\/pos.uel.br\/ppgsoc\/wp-json\/wp\/v2\/posts\/2862\/revisions"}],"predecessor-version":[{"id":2866,"href":"https:\/\/pos.uel.br\/ppgsoc\/wp-json\/wp\/v2\/posts\/2862\/revisions\/2866"}],"wp:featuredmedia":[{"embeddable":true,"href":"https:\/\/pos.uel.br\/ppgsoc\/wp-json\/wp\/v2\/media\/2863"}],"wp:attachment":[{"href":"https:\/\/pos.uel.br\/ppgsoc\/wp-json\/wp\/v2\/media?parent=2862"}],"wp:term":[{"taxonomy":"category","embeddable":true,"href":"https:\/\/pos.uel.br\/ppgsoc\/wp-json\/wp\/v2\/categories?post=2862"},{"taxonomy":"post_tag","embeddable":true,"href":"https:\/\/pos.uel.br\/ppgsoc\/wp-json\/wp\/v2\/tags?post=2862"}],"curies":[{"name":"wp","href":"https:\/\/api.w.org\/{rel}","templated":true}]}}