{"id":2859,"date":"2023-05-08T14:34:17","date_gmt":"2023-05-08T17:34:17","guid":{"rendered":"https:\/\/pos.uel.br\/ppgsoc\/?p=2859"},"modified":"2023-05-08T14:34:17","modified_gmt":"2023-05-08T17:34:17","slug":"evento-i-seminario-discente-discurso-subjetividade-e-educacao-sdse2023","status":"publish","type":"post","link":"https:\/\/pos.uel.br\/ppgsoc\/sem-categoria\/2023\/05\/08\/evento-i-seminario-discente-discurso-subjetividade-e-educacao-sdse2023\/","title":{"rendered":"Evento: I Semin\u00e1rio Discente &#8211; Discurso, Subjetividade e Educa\u00e7\u00e3o (SDSE2023)"},"content":{"rendered":"\n<p>O Grupo de Pesquisa \u201cDiscurso, Subjetividade e Educa\u00e7\u00e3o\u201d ligado \u00e0 linha de \u201cSubjetividades Coletivas, movimentos sociais e educa\u00e7\u00e3o popular\u201d convida toda a comunidade acad\u00eamica para participar do\u00a0<strong>I Semin\u00e1rio Discente &#8211; Discurso, Subjetividade e Educa\u00e7\u00e3o (SDSE2023)<\/strong>, que ocorrer\u00e1 entre os dias 05 e 07 de julho de 2023, em formato on-line.<\/p>\n\n\n\n<p>O evento est\u00e1 sendo organizado por estudantes do PPGEdu\/UFPE e contar\u00e1 com mesas redondas envolvendo participantes de institui\u00e7\u00f5es nacionais e internacionais na \u00e1rea de educa\u00e7\u00e3o, assim como, com Grupos de Trabalho (GT) para a socializa\u00e7\u00e3o e debate das pesquisas desenvolvidas no PPGEdu e em programas parceiros.<\/p>\n\n\n\n<p>O edital com todas as informa\u00e7\u00f5es sobre o Semin\u00e1rio pode ser acessado atrav\u00e9s do link:&nbsp;<a href=\"https:\/\/docs.google.com\/document\/d\/1mny1WBkOPbfftSE0fmFy6UOYSElyLBZsXvTkBPJnIgM\/edit?usp=sharing\" target=\"_blank\" rel=\"noreferrer noopener\">https:\/\/docs.google.com\/document\/d\/1mny1WBkOPbfftSE0fmFy6UOYSElyLBZsXvTkBPJnIgM\/edit?usp=sharing<\/a><\/p>\n\n\n\n<p>As inscri\u00e7\u00f5es podem ser feitas pelo link:&nbsp;<a href=\"https:\/\/www.even3.com.br\/i-seminario-discente-discurso-subjetividade-e-educacao-316038\/\" target=\"_blank\" rel=\"noreferrer noopener\">https:\/\/www.even3.com.br\/i-seminario-discente-discurso-subjetividade-e-educacao-316038\/<\/a><\/p>\n\n\n<div class=\"wp-block-image\">\n<figure class=\"aligncenter size-full\"><img loading=\"lazy\" decoding=\"async\" width=\"368\" height=\"182\" src=\"https:\/\/pos.uel.br\/ppgsoc\/wp-content\/uploads\/2023\/05\/Captura-de-Tela-180.png\" alt=\"\" class=\"wp-image-2860\" srcset=\"https:\/\/pos.uel.br\/ppgsoc\/wp-content\/uploads\/2023\/05\/Captura-de-Tela-180.png 368w, https:\/\/pos.uel.br\/ppgsoc\/wp-content\/uploads\/2023\/05\/Captura-de-Tela-180-300x148.png 300w\" sizes=\"auto, (max-width: 368px) 100vw, 368px\" \/><\/figure>\n<\/div>\n\n\n<p>O\u00a0prazo para submiss\u00e3o de resumos-expandidos\u00a0encerra em <strong>08 de maio<\/strong>, para os seguintes GT&#8217;s:<\/p>\n\n\n\n<p><strong>GT 1 &#8211; <\/strong>Abordagens te\u00f3rico-estrat\u00e9gicas na pesquisa em subjetividades: rela\u00e7\u00e3o entre teoria e pr\u00e1tica<strong>GT 2 &#8211; <\/strong>Discursos Religiosos na educa\u00e7\u00e3o: moralidades, disputas pol\u00edticas e ondas (neo)conservadoras<br><strong>GT 3 &#8211; <\/strong>Movimentos sociais, subjetividades e processos educativos: rela\u00e7\u00f5es \u00e9tnico-raciais e de classe &nbsp;<strong>GT 4 &#8211; <\/strong>Democracias na contemporaneidade: hegemonia, discursos e articula\u00e7\u00f5es<strong>GT 5<\/strong> &#8211; Rasgos nos discursos: Epistemologias transfeministas e Pesquisa em Educa\u00e7\u00e3o&nbsp;<\/p>\n\n\n\n<p>As pessoas inscritas no semin\u00e1rio, tamb\u00e9m receber\u00e3o o link para participa\u00e7\u00e3o no&nbsp;<strong>Ciclo de debates 2023<\/strong>&nbsp;do nosso grupo de pesquisa.&nbsp;<\/p>\n","protected":false},"excerpt":{"rendered":"<p>O Grupo de Pesquisa \u201cDiscurso, Subjetividade e Educa\u00e7\u00e3o\u201d ligado \u00e0 linha de \u201cSubjetividades Coletivas, movimentos sociais e educa\u00e7\u00e3o popular\u201d convida toda a comunidade acad\u00eamica para participar do\u00a0I Semin\u00e1rio Discente &#8211; Discurso, Subjetividade e Educa\u00e7\u00e3o (SDSE2023), que ocorrer\u00e1 entre os dias 05 e 07 de julho de 2023, em formato on-line. O evento est\u00e1 sendo organizado [&hellip;]<\/p>\n","protected":false},"author":8,"featured_media":2860,"comment_status":"open","ping_status":"open","sticky":false,"template":"","format":"standard","meta":{"_acf_changed":false,"footnotes":""},"categories":[1],"tags":[],"class_list":["post-2859","post","type-post","status-publish","format-standard","has-post-thumbnail","hentry","category-sem-categoria"],"acf":[],"_links":{"self":[{"href":"https:\/\/pos.uel.br\/ppgsoc\/wp-json\/wp\/v2\/posts\/2859","targetHints":{"allow":["GET"]}}],"collection":[{"href":"https:\/\/pos.uel.br\/ppgsoc\/wp-json\/wp\/v2\/posts"}],"about":[{"href":"https:\/\/pos.uel.br\/ppgsoc\/wp-json\/wp\/v2\/types\/post"}],"author":[{"embeddable":true,"href":"https:\/\/pos.uel.br\/ppgsoc\/wp-json\/wp\/v2\/users\/8"}],"replies":[{"embeddable":true,"href":"https:\/\/pos.uel.br\/ppgsoc\/wp-json\/wp\/v2\/comments?post=2859"}],"version-history":[{"count":1,"href":"https:\/\/pos.uel.br\/ppgsoc\/wp-json\/wp\/v2\/posts\/2859\/revisions"}],"predecessor-version":[{"id":2861,"href":"https:\/\/pos.uel.br\/ppgsoc\/wp-json\/wp\/v2\/posts\/2859\/revisions\/2861"}],"wp:featuredmedia":[{"embeddable":true,"href":"https:\/\/pos.uel.br\/ppgsoc\/wp-json\/wp\/v2\/media\/2860"}],"wp:attachment":[{"href":"https:\/\/pos.uel.br\/ppgsoc\/wp-json\/wp\/v2\/media?parent=2859"}],"wp:term":[{"taxonomy":"category","embeddable":true,"href":"https:\/\/pos.uel.br\/ppgsoc\/wp-json\/wp\/v2\/categories?post=2859"},{"taxonomy":"post_tag","embeddable":true,"href":"https:\/\/pos.uel.br\/ppgsoc\/wp-json\/wp\/v2\/tags?post=2859"}],"curies":[{"name":"wp","href":"https:\/\/api.w.org\/{rel}","templated":true}]}}