{"id":2857,"date":"2023-05-03T10:43:56","date_gmt":"2023-05-03T13:43:56","guid":{"rendered":"https:\/\/pos.uel.br\/ppgsoc\/?p=2857"},"modified":"2023-05-03T10:43:56","modified_gmt":"2023-05-03T13:43:56","slug":"prorrogacao-do-prazo-de-inscricoes-da-spmob-2023","status":"publish","type":"post","link":"https:\/\/pos.uel.br\/ppgsoc\/sem-categoria\/2023\/05\/03\/prorrogacao-do-prazo-de-inscricoes-da-spmob-2023\/","title":{"rendered":"Prorroga\u00e7\u00e3o do prazo de inscri\u00e7\u00f5es da SPMob 2023"},"content":{"rendered":"\n<p>O prazo para se inscrever na\u00a0 <strong>4\u00b0a Escola de Ci\u00eancia Avan\u00e7ada em Mobilidades<\/strong> (SPMob2023) termina no dia<strong> 07\/05<\/strong>. Assim como em suas tr\u00eas edi\u00e7\u00f5es anteriores (2017, 2019 e 2021), a <strong>SPMob2023<\/strong> tem por objetivo difundir a virada das mobilidades na teoria social (Sheller &amp; Urry, 2006; 2016; Singh et al, 2018; Allis, Moraes &amp; Sheller, 2020). Participantes podem se inscrever apenas como ouvintes das aulas ou, ainda, submeter propostas para o Ateli\u00ea de Pesquisa.<\/p>\n\n\n\n<figure class=\"wp-block-image size-large\"><img loading=\"lazy\" decoding=\"async\" width=\"1024\" height=\"410\" src=\"https:\/\/pos.uel.br\/ppgsoc\/wp-content\/uploads\/2023\/04\/image-1024x410.png\" alt=\"\" class=\"wp-image-2827\" srcset=\"https:\/\/pos.uel.br\/ppgsoc\/wp-content\/uploads\/2023\/04\/image-1024x410.png 1024w, https:\/\/pos.uel.br\/ppgsoc\/wp-content\/uploads\/2023\/04\/image-300x120.png 300w, https:\/\/pos.uel.br\/ppgsoc\/wp-content\/uploads\/2023\/04\/image-768x307.png 768w, https:\/\/pos.uel.br\/ppgsoc\/wp-content\/uploads\/2023\/04\/image.png 1100w\" sizes=\"auto, (max-width: 1024px) 100vw, 1024px\" \/><\/figure>\n\n\n\n<p>A partir do par \u201cmem\u00f3rias &amp; futuros\u201d, o objetivo \u00e9 refletir sobre os fluxos, os fixos e as fric\u00e7\u00f5es (Freire-Medeiros &amp; Lages, 2020), sobre as mobilidades socioespaciais e suas din\u00e2micas de presen\u00e7a e aus\u00eancia, de proximidade e dist\u00e2ncia, no cruzamento com m\u00faltiplas escalas de tempo. Entre as atividades, destacamos as confer\u00eancias de Renato Miguel do Carmo (ISCTE e CIES &#8211; Instituto Universit\u00e1rio de Lisboa), Walter Alejandro Imil\u00e1n (Universidad Central de Chile) e Mimi Sheller (The Global School &#8211; Worcester Polytechnic Institute\/EUA).\u00a0<\/p>\n\n\n\n<p>Tamb\u00e9m ser\u00e1 realizada uma conversa sobre turismo e mobilidades contando com a presen\u00e7a de Jennie Germann-Molz (College of the Holy Cross\/EUA), a partir da inspira\u00e7\u00e3o do cl\u00e1ssico &#8220;Olhar do Turista 3.0&#8221;, recentemente lan\u00e7ado em L\u00edngua Portuguesa.<\/p>\n\n\n\n<p>Um dos pontos altos das Escolas de Ci\u00eancia Avan\u00e7ada em Mobilidades s\u00e3o, sem d\u00favida, os <strong>Ateli\u00eas de Pesquisa<\/strong>, em que mestrandas\/os e doutorandas\/os t\u00eam a oportunidade de discutir seus projetos de pesquisa com um corpo de especialistas. <\/p>\n\n\n\n<p>A SPMob2023 ter\u00e1 programa\u00e7\u00f5es em S\u00e3o Paulo e no Rio de Janeiro:<\/p>\n\n\n\n<p>13 a 15 de junho: USP<\/p>\n\n\n\n<p>19 a 21 de junho: UNIRIO<\/p>\n\n\n\n<p>A SPMob2023 tem apoio institucional do Departamento e PPG Sociologia\/USP, do PPGTUR\/USP, do PPG em Mem\u00f3ria (UNIRIO), al\u00e9m do SESC\/SP.<\/p>\n\n\n\n<p>Mais informa\u00e7\u00f5es em: <a rel=\"noreferrer noopener\" href=\"https:\/\/even3.com.br\/spmob2023\" target=\"_blank\">https:\/\/even3.com.br\/spmob2023<\/a><\/p>\n","protected":false},"excerpt":{"rendered":"<p>O prazo para se inscrever na\u00a0 4\u00b0a Escola de Ci\u00eancia Avan\u00e7ada em Mobilidades (SPMob2023) termina no dia 07\/05. Assim como em suas tr\u00eas edi\u00e7\u00f5es anteriores (2017, 2019 e 2021), a SPMob2023 tem por objetivo difundir a virada das mobilidades na teoria social (Sheller &amp; Urry, 2006; 2016; Singh et al, 2018; Allis, Moraes &amp; Sheller, [&hellip;]<\/p>\n","protected":false},"author":8,"featured_media":2827,"comment_status":"open","ping_status":"open","sticky":false,"template":"","format":"standard","meta":{"_acf_changed":false,"footnotes":""},"categories":[1],"tags":[],"class_list":["post-2857","post","type-post","status-publish","format-standard","has-post-thumbnail","hentry","category-sem-categoria"],"acf":[],"_links":{"self":[{"href":"https:\/\/pos.uel.br\/ppgsoc\/wp-json\/wp\/v2\/posts\/2857","targetHints":{"allow":["GET"]}}],"collection":[{"href":"https:\/\/pos.uel.br\/ppgsoc\/wp-json\/wp\/v2\/posts"}],"about":[{"href":"https:\/\/pos.uel.br\/ppgsoc\/wp-json\/wp\/v2\/types\/post"}],"author":[{"embeddable":true,"href":"https:\/\/pos.uel.br\/ppgsoc\/wp-json\/wp\/v2\/users\/8"}],"replies":[{"embeddable":true,"href":"https:\/\/pos.uel.br\/ppgsoc\/wp-json\/wp\/v2\/comments?post=2857"}],"version-history":[{"count":1,"href":"https:\/\/pos.uel.br\/ppgsoc\/wp-json\/wp\/v2\/posts\/2857\/revisions"}],"predecessor-version":[{"id":2858,"href":"https:\/\/pos.uel.br\/ppgsoc\/wp-json\/wp\/v2\/posts\/2857\/revisions\/2858"}],"wp:featuredmedia":[{"embeddable":true,"href":"https:\/\/pos.uel.br\/ppgsoc\/wp-json\/wp\/v2\/media\/2827"}],"wp:attachment":[{"href":"https:\/\/pos.uel.br\/ppgsoc\/wp-json\/wp\/v2\/media?parent=2857"}],"wp:term":[{"taxonomy":"category","embeddable":true,"href":"https:\/\/pos.uel.br\/ppgsoc\/wp-json\/wp\/v2\/categories?post=2857"},{"taxonomy":"post_tag","embeddable":true,"href":"https:\/\/pos.uel.br\/ppgsoc\/wp-json\/wp\/v2\/tags?post=2857"}],"curies":[{"name":"wp","href":"https:\/\/api.w.org\/{rel}","templated":true}]}}