{"id":2853,"date":"2023-05-03T10:40:44","date_gmt":"2023-05-03T13:40:44","guid":{"rendered":"https:\/\/pos.uel.br\/ppgsoc\/?p=2853"},"modified":"2023-05-03T10:40:44","modified_gmt":"2023-05-03T13:40:44","slug":"curso-de-extensao-arendt-contra-kant-o-problema-do-mal","status":"publish","type":"post","link":"https:\/\/pos.uel.br\/ppgsoc\/sem-categoria\/2023\/05\/03\/curso-de-extensao-arendt-contra-kant-o-problema-do-mal\/","title":{"rendered":"Curso de extens\u00e3o: Arendt contra Kant &#8211; o problema do mal"},"content":{"rendered":"\n<p>Ser\u00e1 realizado, nos dias 22 a 24 de maio, o curso de extens\u00e3o <strong>Arendt contra Kant: o problema do mal<\/strong>. A atividade ser\u00e1 ministrada pelo Prof. Dr. Adriano Correia (UFG\/CNPq).<\/p>\n\n\n<div class=\"wp-block-image\">\n<figure class=\"aligncenter size-large is-resized\"><img loading=\"lazy\" decoding=\"async\" src=\"https:\/\/pos.uel.br\/ppgsoc\/wp-content\/uploads\/2023\/05\/WhatsApp-Image-2023-05-02-at-17.45.50-724x1024.jpeg\" alt=\"\" class=\"wp-image-2854\" width=\"356\" height=\"504\" srcset=\"https:\/\/pos.uel.br\/ppgsoc\/wp-content\/uploads\/2023\/05\/WhatsApp-Image-2023-05-02-at-17.45.50-724x1024.jpeg 724w, https:\/\/pos.uel.br\/ppgsoc\/wp-content\/uploads\/2023\/05\/WhatsApp-Image-2023-05-02-at-17.45.50-212x300.jpeg 212w, https:\/\/pos.uel.br\/ppgsoc\/wp-content\/uploads\/2023\/05\/WhatsApp-Image-2023-05-02-at-17.45.50-768x1086.jpeg 768w, https:\/\/pos.uel.br\/ppgsoc\/wp-content\/uploads\/2023\/05\/WhatsApp-Image-2023-05-02-at-17.45.50-1086x1536.jpeg 1086w, https:\/\/pos.uel.br\/ppgsoc\/wp-content\/uploads\/2023\/05\/WhatsApp-Image-2023-05-02-at-17.45.50.jpeg 1131w\" sizes=\"auto, (max-width: 356px) 100vw, 356px\" \/><\/figure>\n<\/div>\n\n\n<p>Os interessados podem participar presencialmente ou atrav\u00e9s da transmiss\u00e3o remota pelo Canal Estudos Hannah Arendt, no Youtube.<\/p>\n","protected":false},"excerpt":{"rendered":"<p>Ser\u00e1 realizado, nos dias 22 a 24 de maio, o curso de extens\u00e3o Arendt contra Kant: o problema do mal. A atividade ser\u00e1 ministrada pelo Prof. Dr. Adriano Correia (UFG\/CNPq). Os interessados podem participar presencialmente ou atrav\u00e9s da transmiss\u00e3o remota pelo Canal Estudos Hannah Arendt, no Youtube.<\/p>\n","protected":false},"author":8,"featured_media":2854,"comment_status":"open","ping_status":"open","sticky":false,"template":"","format":"standard","meta":{"_acf_changed":false,"footnotes":""},"categories":[1],"tags":[],"class_list":["post-2853","post","type-post","status-publish","format-standard","has-post-thumbnail","hentry","category-sem-categoria"],"acf":[],"_links":{"self":[{"href":"https:\/\/pos.uel.br\/ppgsoc\/wp-json\/wp\/v2\/posts\/2853","targetHints":{"allow":["GET"]}}],"collection":[{"href":"https:\/\/pos.uel.br\/ppgsoc\/wp-json\/wp\/v2\/posts"}],"about":[{"href":"https:\/\/pos.uel.br\/ppgsoc\/wp-json\/wp\/v2\/types\/post"}],"author":[{"embeddable":true,"href":"https:\/\/pos.uel.br\/ppgsoc\/wp-json\/wp\/v2\/users\/8"}],"replies":[{"embeddable":true,"href":"https:\/\/pos.uel.br\/ppgsoc\/wp-json\/wp\/v2\/comments?post=2853"}],"version-history":[{"count":1,"href":"https:\/\/pos.uel.br\/ppgsoc\/wp-json\/wp\/v2\/posts\/2853\/revisions"}],"predecessor-version":[{"id":2855,"href":"https:\/\/pos.uel.br\/ppgsoc\/wp-json\/wp\/v2\/posts\/2853\/revisions\/2855"}],"wp:featuredmedia":[{"embeddable":true,"href":"https:\/\/pos.uel.br\/ppgsoc\/wp-json\/wp\/v2\/media\/2854"}],"wp:attachment":[{"href":"https:\/\/pos.uel.br\/ppgsoc\/wp-json\/wp\/v2\/media?parent=2853"}],"wp:term":[{"taxonomy":"category","embeddable":true,"href":"https:\/\/pos.uel.br\/ppgsoc\/wp-json\/wp\/v2\/categories?post=2853"},{"taxonomy":"post_tag","embeddable":true,"href":"https:\/\/pos.uel.br\/ppgsoc\/wp-json\/wp\/v2\/tags?post=2853"}],"curies":[{"name":"wp","href":"https:\/\/api.w.org\/{rel}","templated":true}]}}