{"id":2837,"date":"2023-04-18T10:46:03","date_gmt":"2023-04-18T13:46:03","guid":{"rendered":"https:\/\/pos.uel.br\/ppgsoc\/?p=2837"},"modified":"2023-04-18T10:46:04","modified_gmt":"2023-04-18T13:46:04","slug":"evento-a-escrita-academica-para-alem-do-mal-estar","status":"publish","type":"post","link":"https:\/\/pos.uel.br\/ppgsoc\/sem-categoria\/2023\/04\/18\/evento-a-escrita-academica-para-alem-do-mal-estar\/","title":{"rendered":"Evento: A Escrita Acad\u00eamica para Al\u00e9m do Mal-Estar"},"content":{"rendered":"\n<p>Ser\u00e1 realizada, no dia 29 de abril das 8h30 \u00e0s 11h30, a palestra <strong>A Escrita Acad\u00eamica para Al\u00e9m do Mal-Estar<\/strong>, ministrada por Robson Cruz, psic\u00f3logo pesquisador especialista na investiga\u00e7\u00e3o da rela\u00e7\u00e3o entre sa\u00fade mental e escrita acad\u00eamica. <\/p>\n\n\n<div class=\"wp-block-image\">\n<figure class=\"aligncenter size-full is-resized\"><img loading=\"lazy\" decoding=\"async\" src=\"https:\/\/pos.uel.br\/ppgsoc\/wp-content\/uploads\/2023\/04\/WhatsApp-Image-2023-04-17-at-12.53.21.jpeg\" alt=\"\" class=\"wp-image-2838\" width=\"339\" height=\"424\" srcset=\"https:\/\/pos.uel.br\/ppgsoc\/wp-content\/uploads\/2023\/04\/WhatsApp-Image-2023-04-17-at-12.53.21.jpeg 463w, https:\/\/pos.uel.br\/ppgsoc\/wp-content\/uploads\/2023\/04\/WhatsApp-Image-2023-04-17-at-12.53.21-240x300.jpeg 240w\" sizes=\"auto, (max-width: 339px) 100vw, 339px\" \/><\/figure>\n<\/div>\n\n\n<p>A atividade integra o evento Col\u00f3quios em An\u00e1lise de Comportamento: Produ\u00e7\u00e3o Acad\u00eamica em Debate. As inscri\u00e7\u00f5es podem ser feitas neste <a href=\"https:\/\/www.sistemasweb.uel.br\/index.php?contents=system\/insc\/index.php&amp;pagina=view\/inscricoes\/seleciona_evento.php&amp;cod_evento=8091\" data-type=\"URL\" data-id=\"https:\/\/www.sistemasweb.uel.br\/index.php?contents=system\/insc\/index.php&amp;pagina=view\/inscricoes\/seleciona_evento.php&amp;cod_evento=8091\">link<\/a>.<\/p>\n","protected":false},"excerpt":{"rendered":"<p>Ser\u00e1 realizada, no dia 29 de abril das 8h30 \u00e0s 11h30, a palestra A Escrita Acad\u00eamica para Al\u00e9m do Mal-Estar, ministrada por Robson Cruz, psic\u00f3logo pesquisador especialista na investiga\u00e7\u00e3o da rela\u00e7\u00e3o entre sa\u00fade mental e escrita acad\u00eamica. A atividade integra o evento Col\u00f3quios em An\u00e1lise de Comportamento: Produ\u00e7\u00e3o Acad\u00eamica em Debate. As inscri\u00e7\u00f5es podem ser [&hellip;]<\/p>\n","protected":false},"author":8,"featured_media":2838,"comment_status":"open","ping_status":"open","sticky":false,"template":"","format":"standard","meta":{"_acf_changed":false,"footnotes":""},"categories":[1],"tags":[],"class_list":["post-2837","post","type-post","status-publish","format-standard","has-post-thumbnail","hentry","category-sem-categoria"],"acf":[],"_links":{"self":[{"href":"https:\/\/pos.uel.br\/ppgsoc\/wp-json\/wp\/v2\/posts\/2837","targetHints":{"allow":["GET"]}}],"collection":[{"href":"https:\/\/pos.uel.br\/ppgsoc\/wp-json\/wp\/v2\/posts"}],"about":[{"href":"https:\/\/pos.uel.br\/ppgsoc\/wp-json\/wp\/v2\/types\/post"}],"author":[{"embeddable":true,"href":"https:\/\/pos.uel.br\/ppgsoc\/wp-json\/wp\/v2\/users\/8"}],"replies":[{"embeddable":true,"href":"https:\/\/pos.uel.br\/ppgsoc\/wp-json\/wp\/v2\/comments?post=2837"}],"version-history":[{"count":1,"href":"https:\/\/pos.uel.br\/ppgsoc\/wp-json\/wp\/v2\/posts\/2837\/revisions"}],"predecessor-version":[{"id":2839,"href":"https:\/\/pos.uel.br\/ppgsoc\/wp-json\/wp\/v2\/posts\/2837\/revisions\/2839"}],"wp:featuredmedia":[{"embeddable":true,"href":"https:\/\/pos.uel.br\/ppgsoc\/wp-json\/wp\/v2\/media\/2838"}],"wp:attachment":[{"href":"https:\/\/pos.uel.br\/ppgsoc\/wp-json\/wp\/v2\/media?parent=2837"}],"wp:term":[{"taxonomy":"category","embeddable":true,"href":"https:\/\/pos.uel.br\/ppgsoc\/wp-json\/wp\/v2\/categories?post=2837"},{"taxonomy":"post_tag","embeddable":true,"href":"https:\/\/pos.uel.br\/ppgsoc\/wp-json\/wp\/v2\/tags?post=2837"}],"curies":[{"name":"wp","href":"https:\/\/api.w.org\/{rel}","templated":true}]}}