{"id":2834,"date":"2023-04-17T10:35:36","date_gmt":"2023-04-17T13:35:36","guid":{"rendered":"https:\/\/pos.uel.br\/ppgsoc\/?p=2834"},"modified":"2023-04-17T10:37:06","modified_gmt":"2023-04-17T13:37:06","slug":"2834","status":"publish","type":"post","link":"https:\/\/pos.uel.br\/ppgsoc\/sem-categoria\/2023\/04\/17\/2834\/","title":{"rendered":"Chamada para dossi\u00ea:\u00a0&#8220;Gente da terra: identidades, narrativas e mobilidades&#8221;\u00a0"},"content":{"rendered":"\n<p>Segue para conhecimento e divulga\u00e7\u00e3o a chamada do dossi\u00ea:\u00a0<strong>&#8220;<a rel=\"noreferrer noopener\" href=\"https:\/\/revistas.uepg.br\/index.php\/tel\/announcement\/view\/478\" target=\"_blank\">Gente da terra:<\/a><\/strong> <strong><a rel=\"noreferrer noopener\" href=\"https:\/\/revistas.uepg.br\/index.php\/tel\/announcement\/view\/478\" target=\"_blank\">identidades, narrativas e mobilidades<\/a>&#8221;\u00a0<\/strong>que ir\u00e1 compor o n\u00famero 02 (Julho-Dezembro) de 2023 da\u00a0<em>Revista Tempo, Espa\u00e7o e Linguagem<\/em>\u00a0(TEL-UNICENTRO,\u00a0<em>Campus<\/em>\u00a0Irati-PR). A Revista recebe tamb\u00e9m contribui\u00e7\u00f5es em fluxo cont\u00ednuo de: artigos livres, ensaios e tradu\u00e7\u00f5es em portugu\u00eas, ingl\u00eas e espanhol.<\/p>\n\n\n\n<figure class=\"wp-block-image size-full\"><img loading=\"lazy\" decoding=\"async\" width=\"62\" height=\"80\" src=\"https:\/\/pos.uel.br\/ppgsoc\/wp-content\/uploads\/2023\/03\/Captura-de-Tela-2023-03-02-a\u0300s-15.00.23-e1677780187531.png\" alt=\"\" class=\"wp-image-2777\"\/><\/figure>\n\n\n\n<p><strong>PROPOSTA:<\/strong><\/p>\n\n\n\n<p>A transi\u00e7\u00e3o entre os s\u00e9culos XIX ao XXI \u00e9 marcada por fen\u00f4menos sociais e culturais complexos com rela\u00e7\u00e3o ao que denominamos Mundo Rural. Este foi um espa\u00e7o m\u00faltiplo que sofreu intensas altera\u00e7\u00f5es, as quais v\u00e3o desde processos de desenvolvimento tecnol\u00f3gico e mecaniza\u00e7\u00e3o, at\u00e9 amplos fluxos de migra\u00e7\u00f5es em sentidos distintos, transforma\u00e7\u00f5es e transi\u00e7\u00f5es econ\u00f4micas al\u00e9m de mobiliza\u00e7\u00f5es de identidades variadas, as quais culminam, por vezes, em movimentos sociais e culturais com diferentes objetivos.<\/p>\n\n\n\n<p>Nesse \u00ednterim, se destaca a ampla mobilidade no campo, cuja raz\u00e3o de ser est\u00e1 relacionada \u00e0s grandes ondas de deslocamentos populacionais. Estas atingem, por exemplo, a Europa rural, desde meados do s\u00e9culo XIX (expulsando camponeses para as Am\u00e9ricas e outras regi\u00f5es do globo), bem como, no Brasil, essa mobiliza\u00e7\u00e3o \u00e9 ampliada no s\u00e9culo XX, em diferentes dire\u00e7\u00f5es, por todo o territ\u00f3rio.&nbsp;Destaca-se, aqui, grupos de pessoas que circulavam do campo para a cidade, mas tamb\u00e9m, do campo para o pr\u00f3prio campo, seja internamente, seja atravessando oceanos.&nbsp;<\/p>\n\n\n\n<p>Ao observar estes fen\u00f4menos, a proposta deste dossi\u00ea busca reunir estudos que exponham um olhar especial acerca das trajet\u00f3rias de vida e biografias; delineando particular aten\u00e7\u00e3o \u00e0s e\/i\/migra\u00e7\u00f5es e distintas mobilidades de \u201cgentes da terra\u201d; ademais dos aspectos culturais que configuram a ruralidade e suas dimens\u00f5es entre os s\u00e9culos XIX ao XXI. Tamb\u00e9m ser\u00e3o bem-vindas reflex\u00f5es que se debrucem sobre temas como: as din\u00e2micas, processos e inser\u00e7\u00f5es; os impactos, conflitos e negocia\u00e7\u00f5es; as redes de sociabilidade e solidariedade.<\/p>\n\n\n\n<p>Al\u00e9m de estudos pertinentes a \u00e1rea da Hist\u00f3ria, o dossi\u00ea busca um di\u00e1logo com outros campos, como a Pedagogia, Antropologia, a Sociologia e a Geografia.<\/p>\n\n\n\n<p>A organiza\u00e7\u00e3o do dossi\u00ea ser\u00e1 feita por&nbsp;<strong>Vania Vaz<\/strong>&nbsp;(Universit\u00e9 de Rennes 2\/Universidade Estadual do Centro-Oeste),&nbsp;<strong>Rhuan Targino Zaleski Trindade<\/strong>&nbsp;(Universidade Estadual do Centro-Oeste) e&nbsp;<strong>Bruno C\u00e9sar Pereira<\/strong>&nbsp;(Universidade Federal de S\u00e3o Carlos)<\/p>\n\n\n\n<p>Submiss\u00f5es at\u00e9<strong>&nbsp;10 de setembro de 2023<\/strong>&nbsp;pelo endere\u00e7o eletr\u00f4nico da revista:&nbsp;<a href=\"https:\/\/revistas.uepg.br\/index.php\/tel\/index\" target=\"_blank\" rel=\"noreferrer noopener\">Tempo, Espa\u00e7o e Linguagem (TEL)<\/a>.&nbsp;<\/p>\n","protected":false},"excerpt":{"rendered":"<p>Segue para conhecimento e divulga\u00e7\u00e3o a chamada do dossi\u00ea:\u00a0&#8220;Gente da terra: identidades, narrativas e mobilidades&#8221;\u00a0que ir\u00e1 compor o n\u00famero 02 (Julho-Dezembro) de 2023 da\u00a0Revista Tempo, Espa\u00e7o e Linguagem\u00a0(TEL-UNICENTRO,\u00a0Campus\u00a0Irati-PR). A Revista recebe tamb\u00e9m contribui\u00e7\u00f5es em fluxo cont\u00ednuo de: artigos livres, ensaios e tradu\u00e7\u00f5es em portugu\u00eas, ingl\u00eas e espanhol. PROPOSTA: A transi\u00e7\u00e3o entre os s\u00e9culos XIX ao [&hellip;]<\/p>\n","protected":false},"author":8,"featured_media":2777,"comment_status":"open","ping_status":"open","sticky":false,"template":"","format":"standard","meta":{"_acf_changed":false,"footnotes":""},"categories":[1],"tags":[],"class_list":["post-2834","post","type-post","status-publish","format-standard","has-post-thumbnail","hentry","category-sem-categoria"],"acf":[],"_links":{"self":[{"href":"https:\/\/pos.uel.br\/ppgsoc\/wp-json\/wp\/v2\/posts\/2834","targetHints":{"allow":["GET"]}}],"collection":[{"href":"https:\/\/pos.uel.br\/ppgsoc\/wp-json\/wp\/v2\/posts"}],"about":[{"href":"https:\/\/pos.uel.br\/ppgsoc\/wp-json\/wp\/v2\/types\/post"}],"author":[{"embeddable":true,"href":"https:\/\/pos.uel.br\/ppgsoc\/wp-json\/wp\/v2\/users\/8"}],"replies":[{"embeddable":true,"href":"https:\/\/pos.uel.br\/ppgsoc\/wp-json\/wp\/v2\/comments?post=2834"}],"version-history":[{"count":2,"href":"https:\/\/pos.uel.br\/ppgsoc\/wp-json\/wp\/v2\/posts\/2834\/revisions"}],"predecessor-version":[{"id":2836,"href":"https:\/\/pos.uel.br\/ppgsoc\/wp-json\/wp\/v2\/posts\/2834\/revisions\/2836"}],"wp:featuredmedia":[{"embeddable":true,"href":"https:\/\/pos.uel.br\/ppgsoc\/wp-json\/wp\/v2\/media\/2777"}],"wp:attachment":[{"href":"https:\/\/pos.uel.br\/ppgsoc\/wp-json\/wp\/v2\/media?parent=2834"}],"wp:term":[{"taxonomy":"category","embeddable":true,"href":"https:\/\/pos.uel.br\/ppgsoc\/wp-json\/wp\/v2\/categories?post=2834"},{"taxonomy":"post_tag","embeddable":true,"href":"https:\/\/pos.uel.br\/ppgsoc\/wp-json\/wp\/v2\/tags?post=2834"}],"curies":[{"name":"wp","href":"https:\/\/api.w.org\/{rel}","templated":true}]}}