{"id":2829,"date":"2023-04-12T14:34:23","date_gmt":"2023-04-12T17:34:23","guid":{"rendered":"https:\/\/pos.uel.br\/ppgsoc\/?p=2829"},"modified":"2023-04-12T14:35:25","modified_gmt":"2023-04-12T17:35:25","slug":"2829","status":"publish","type":"post","link":"https:\/\/pos.uel.br\/ppgsoc\/sem-categoria\/2023\/04\/12\/2829\/","title":{"rendered":"LESFEM lan\u00e7a relat\u00f3rio &#8220;Feminic\u00eddios Julgados na Comarca de Londrina nos anos de 2021 e 2022&#8221;"},"content":{"rendered":"\n<p>O Laborat\u00f3rio de Estudos de Feminic\u00eddios (LESFEM) lan\u00e7ou, no dia 10 de abril, o relat\u00f3rio Feminic\u00eddios Julgados na Comarca de Londrina nos anos de 2021 e 2022, que apresenta an\u00e1lises de 23 casos, de feminic\u00eddio tentado e feminic\u00eddio consumado, julgados no per\u00edodo pelo Tribunal do J\u00fari na Comarca de Londrina. O material foi produzido por pesquisadoras do LESFEM com o apoio do N\u00e9ias \u2013 Observat\u00f3rio de Feminic\u00eddios Londrina.<\/p>\n\n\n<div class=\"wp-block-image\">\n<figure class=\"aligncenter size-large is-resized\"><img loading=\"lazy\" decoding=\"async\" src=\"https:\/\/pos.uel.br\/ppgsoc\/wp-content\/uploads\/2023\/04\/Feminicidios-Julgados-na-Comarca-de-Londrina-nos-anos-de-2021-e-2022-1024x1024.png\" alt=\"\" class=\"wp-image-2830\" width=\"396\" height=\"396\" srcset=\"https:\/\/pos.uel.br\/ppgsoc\/wp-content\/uploads\/2023\/04\/Feminicidios-Julgados-na-Comarca-de-Londrina-nos-anos-de-2021-e-2022-1024x1024.png 1024w, https:\/\/pos.uel.br\/ppgsoc\/wp-content\/uploads\/2023\/04\/Feminicidios-Julgados-na-Comarca-de-Londrina-nos-anos-de-2021-e-2022-300x300.png 300w, https:\/\/pos.uel.br\/ppgsoc\/wp-content\/uploads\/2023\/04\/Feminicidios-Julgados-na-Comarca-de-Londrina-nos-anos-de-2021-e-2022-150x150.png 150w, https:\/\/pos.uel.br\/ppgsoc\/wp-content\/uploads\/2023\/04\/Feminicidios-Julgados-na-Comarca-de-Londrina-nos-anos-de-2021-e-2022-768x768.png 768w, https:\/\/pos.uel.br\/ppgsoc\/wp-content\/uploads\/2023\/04\/Feminicidios-Julgados-na-Comarca-de-Londrina-nos-anos-de-2021-e-2022.png 1080w\" sizes=\"auto, (max-width: 396px) 100vw, 396px\" \/><\/figure>\n<\/div>\n\n\n<p>O presente relat\u00f3rio \u00e9 a primeira publica\u00e7\u00e3o do LESFEM, que iniciou as suas atividades no ano de 2022.<br>O relat\u00f3rio pode ser acessado no <a href=\"https:\/\/sway.office.com\/jB2lbSuYgf3RhEOJ?ref=Link\">link<\/a>.<\/p>\n","protected":false},"excerpt":{"rendered":"<p>O Laborat\u00f3rio de Estudos de Feminic\u00eddios (LESFEM) lan\u00e7ou, no dia 10 de abril, o relat\u00f3rio Feminic\u00eddios Julgados na Comarca de Londrina nos anos de 2021 e 2022, que apresenta an\u00e1lises de 23 casos, de feminic\u00eddio tentado e feminic\u00eddio consumado, julgados no per\u00edodo pelo Tribunal do J\u00fari na Comarca de Londrina. O material foi produzido por [&hellip;]<\/p>\n","protected":false},"author":8,"featured_media":2830,"comment_status":"open","ping_status":"open","sticky":false,"template":"","format":"standard","meta":{"_acf_changed":false,"footnotes":""},"categories":[1],"tags":[],"class_list":["post-2829","post","type-post","status-publish","format-standard","has-post-thumbnail","hentry","category-sem-categoria"],"acf":[],"_links":{"self":[{"href":"https:\/\/pos.uel.br\/ppgsoc\/wp-json\/wp\/v2\/posts\/2829","targetHints":{"allow":["GET"]}}],"collection":[{"href":"https:\/\/pos.uel.br\/ppgsoc\/wp-json\/wp\/v2\/posts"}],"about":[{"href":"https:\/\/pos.uel.br\/ppgsoc\/wp-json\/wp\/v2\/types\/post"}],"author":[{"embeddable":true,"href":"https:\/\/pos.uel.br\/ppgsoc\/wp-json\/wp\/v2\/users\/8"}],"replies":[{"embeddable":true,"href":"https:\/\/pos.uel.br\/ppgsoc\/wp-json\/wp\/v2\/comments?post=2829"}],"version-history":[{"count":2,"href":"https:\/\/pos.uel.br\/ppgsoc\/wp-json\/wp\/v2\/posts\/2829\/revisions"}],"predecessor-version":[{"id":2832,"href":"https:\/\/pos.uel.br\/ppgsoc\/wp-json\/wp\/v2\/posts\/2829\/revisions\/2832"}],"wp:featuredmedia":[{"embeddable":true,"href":"https:\/\/pos.uel.br\/ppgsoc\/wp-json\/wp\/v2\/media\/2830"}],"wp:attachment":[{"href":"https:\/\/pos.uel.br\/ppgsoc\/wp-json\/wp\/v2\/media?parent=2829"}],"wp:term":[{"taxonomy":"category","embeddable":true,"href":"https:\/\/pos.uel.br\/ppgsoc\/wp-json\/wp\/v2\/categories?post=2829"},{"taxonomy":"post_tag","embeddable":true,"href":"https:\/\/pos.uel.br\/ppgsoc\/wp-json\/wp\/v2\/tags?post=2829"}],"curies":[{"name":"wp","href":"https:\/\/api.w.org\/{rel}","templated":true}]}}