{"id":2826,"date":"2023-04-12T14:23:25","date_gmt":"2023-04-12T17:23:25","guid":{"rendered":"https:\/\/pos.uel.br\/ppgsoc\/?p=2826"},"modified":"2023-04-12T14:23:25","modified_gmt":"2023-04-12T17:23:25","slug":"abertas-as-inscricoes-para-a-4a-escola-de-ciencia-avancada-em-mobilidades","status":"publish","type":"post","link":"https:\/\/pos.uel.br\/ppgsoc\/sem-categoria\/2023\/04\/12\/abertas-as-inscricoes-para-a-4a-escola-de-ciencia-avancada-em-mobilidades\/","title":{"rendered":"Abertas as inscri\u00e7\u00f5es para a\u00a04a Escola de Ci\u00eancia Avan\u00e7ada em Mobilidades"},"content":{"rendered":"\n<p>Assim como em suas tr\u00eas edi\u00e7\u00f5es anteriores (2017, 2019 e 2021), a&nbsp;<strong>SPMob2023<\/strong>&nbsp;tem por objetivo difundir a virada das mobilidades na teoria social (Sheller &amp; Urry, 2006; 2016; Singh et al, 2018; Allis, Moraes &amp; Sheller, 2020). Participantes podem se inscrever como ouvintes ou submeter propostas para o Ateli\u00ea de Pesquisa.<\/p>\n\n\n\n<p>A partir do par \u201cmem\u00f3rias &amp; futuros\u201d, vamos refletir sobre os fluxos, os fixos e as fric\u00e7\u00f5es (Freire-Medeiros &amp; Lages, 2020), sobre as mobilidades socioespaciais e suas din\u00e2micas de presen\u00e7a e aus\u00eancia, de proximidade e dist\u00e2ncia, no cruzamento com m\u00faltiplas escalas de tempo. Entre as atividades, destacamos as confer\u00eancias de Renato Miguel do Carmo (ISCTE e CIES &#8211; Instituto Universit\u00e1rio de Lisboa), Walter Alejandro Imil\u00e1n (Universidad Central de Chile) e Mimi Sheller (The Global School &#8211; Worcester Polytechnic Institute).<\/p>\n\n\n\n<p>Um dos pontos altos das Escolas de Ci\u00eancia Avan\u00e7ada em Mobilidades s\u00e3o, sem d\u00favida, os\u00a0<strong>Ateli\u00eas de Pesquisa<\/strong>, em que mestrandas\/os e doutorandas\/os t\u00eam a oportunidade de discutir seus projetos de pesquisa com um corpo de especialistas. Sem restringir escolhas tem\u00e1ticas ou metodol\u00f3gicas, estamos interessadas em candidaturas que, a partir de um objeto emp\u00edrico bem definido, se engajem com a grade anal\u00edtica das mobilidades.<\/p>\n\n\n<div class=\"wp-block-image\">\n<figure class=\"aligncenter size-large is-resized\"><img loading=\"lazy\" decoding=\"async\" src=\"https:\/\/pos.uel.br\/ppgsoc\/wp-content\/uploads\/2023\/04\/image-1024x410.png\" alt=\"\" class=\"wp-image-2827\" width=\"635\" height=\"254\" srcset=\"https:\/\/pos.uel.br\/ppgsoc\/wp-content\/uploads\/2023\/04\/image-1024x410.png 1024w, https:\/\/pos.uel.br\/ppgsoc\/wp-content\/uploads\/2023\/04\/image-300x120.png 300w, https:\/\/pos.uel.br\/ppgsoc\/wp-content\/uploads\/2023\/04\/image-768x307.png 768w, https:\/\/pos.uel.br\/ppgsoc\/wp-content\/uploads\/2023\/04\/image.png 1100w\" sizes=\"auto, (max-width: 635px) 100vw, 635px\" \/><\/figure>\n<\/div>\n\n\n<p>A SPMob2023 ter\u00e1 duas programa\u00e7\u00f5es:<\/p>\n\n\n\n<p>13 a 15 de junho: Universidade de S\u00e3o Paulo<\/p>\n\n\n\n<p>19 a 21 de junho: UNIRIO<\/p>\n\n\n\n<p>Mais informa\u00e7\u00f5es em:<\/p>\n\n\n\n<p><a href=\"https:\/\/even3.com.br\/spmob2023\">https:\/\/even3.com.br\/spmob2023<\/a><\/p>\n","protected":false},"excerpt":{"rendered":"<p>Assim como em suas tr\u00eas edi\u00e7\u00f5es anteriores (2017, 2019 e 2021), a&nbsp;SPMob2023&nbsp;tem por objetivo difundir a virada das mobilidades na teoria social (Sheller &amp; Urry, 2006; 2016; Singh et al, 2018; Allis, Moraes &amp; Sheller, 2020). Participantes podem se inscrever como ouvintes ou submeter propostas para o Ateli\u00ea de Pesquisa. A partir do par \u201cmem\u00f3rias [&hellip;]<\/p>\n","protected":false},"author":8,"featured_media":2827,"comment_status":"open","ping_status":"open","sticky":false,"template":"","format":"standard","meta":{"_acf_changed":false,"footnotes":""},"categories":[1],"tags":[],"class_list":["post-2826","post","type-post","status-publish","format-standard","has-post-thumbnail","hentry","category-sem-categoria"],"acf":[],"_links":{"self":[{"href":"https:\/\/pos.uel.br\/ppgsoc\/wp-json\/wp\/v2\/posts\/2826","targetHints":{"allow":["GET"]}}],"collection":[{"href":"https:\/\/pos.uel.br\/ppgsoc\/wp-json\/wp\/v2\/posts"}],"about":[{"href":"https:\/\/pos.uel.br\/ppgsoc\/wp-json\/wp\/v2\/types\/post"}],"author":[{"embeddable":true,"href":"https:\/\/pos.uel.br\/ppgsoc\/wp-json\/wp\/v2\/users\/8"}],"replies":[{"embeddable":true,"href":"https:\/\/pos.uel.br\/ppgsoc\/wp-json\/wp\/v2\/comments?post=2826"}],"version-history":[{"count":1,"href":"https:\/\/pos.uel.br\/ppgsoc\/wp-json\/wp\/v2\/posts\/2826\/revisions"}],"predecessor-version":[{"id":2828,"href":"https:\/\/pos.uel.br\/ppgsoc\/wp-json\/wp\/v2\/posts\/2826\/revisions\/2828"}],"wp:featuredmedia":[{"embeddable":true,"href":"https:\/\/pos.uel.br\/ppgsoc\/wp-json\/wp\/v2\/media\/2827"}],"wp:attachment":[{"href":"https:\/\/pos.uel.br\/ppgsoc\/wp-json\/wp\/v2\/media?parent=2826"}],"wp:term":[{"taxonomy":"category","embeddable":true,"href":"https:\/\/pos.uel.br\/ppgsoc\/wp-json\/wp\/v2\/categories?post=2826"},{"taxonomy":"post_tag","embeddable":true,"href":"https:\/\/pos.uel.br\/ppgsoc\/wp-json\/wp\/v2\/tags?post=2826"}],"curies":[{"name":"wp","href":"https:\/\/api.w.org\/{rel}","templated":true}]}}