{"id":2815,"date":"2023-03-20T17:37:36","date_gmt":"2023-03-20T20:37:36","guid":{"rendered":"https:\/\/pos.uel.br\/ppgsoc\/?p=2815"},"modified":"2023-03-20T17:37:37","modified_gmt":"2023-03-20T20:37:37","slug":"publicacao-colecao-sistema-de-justica-genero-e-diversidades","status":"publish","type":"post","link":"https:\/\/pos.uel.br\/ppgsoc\/sem-categoria\/2023\/03\/20\/publicacao-colecao-sistema-de-justica-genero-e-diversidades\/","title":{"rendered":"Publica\u00e7\u00e3o: Cole\u00e7\u00e3o Sistema de justi\u00e7a, g\u00eanero e diversidades"},"content":{"rendered":"\n<p>O Poder Judici\u00e1rio de Santa Catarina e a Universidade Federal de Santa Catarina publicaram recentemente e <em><strong>Cole\u00e7\u00e3o Sistema de Justi\u00e7a, G\u00eanero e Diversidades<\/strong>: estudos e pr\u00e1ticas sobre aspectos socioculturais das viol\u00eancias contra as mulheres<\/em>. <\/p>\n\n\n\n<p>Entre os estudos que comp\u00f5em a obra, est\u00e1 o artigo <em><strong>Reconhecimento ou apagamento das diferen\u00e7as?<\/strong> O sistema penal brasileiro por uma perspectiva interseccional<\/em>, de autoria de Isabeau Lobo Muniz Santos Gomes, advogada e mestranda no Programa de P\u00f3s-gradua\u00e7\u00e3o em Direito Negocial, e de Beatriz Molari, doutoranda no Programa de P\u00f3s-gradua\u00e7\u00e3o em Sociologia, ambos da Universidade Estadual de Londrina.<\/p>\n\n\n<div class=\"wp-block-image\">\n<figure class=\"aligncenter size-full is-resized\"><img loading=\"lazy\" decoding=\"async\" src=\"https:\/\/pos.uel.br\/ppgsoc\/wp-content\/uploads\/2023\/03\/Captura-de-Tela-166.png\" alt=\"\" class=\"wp-image-2816\" width=\"217\" height=\"306\" srcset=\"https:\/\/pos.uel.br\/ppgsoc\/wp-content\/uploads\/2023\/03\/Captura-de-Tela-166.png 392w, https:\/\/pos.uel.br\/ppgsoc\/wp-content\/uploads\/2023\/03\/Captura-de-Tela-166-213x300.png 213w\" sizes=\"auto, (max-width: 217px) 100vw, 217px\" \/><\/figure>\n<\/div>\n\n\n<p>O artigo e demais estudos que integram o livro podem ser acessados neste <a href=\"https:\/\/www.tjsc.jus.br\/documents\/715064\/0\/Volume+4_Completo_2023.pdf\/0af635ce-bd45-4d63-f57d-d74ec06e02d8?t=1679091634548\">link<\/a>.<\/p>\n","protected":false},"excerpt":{"rendered":"<p>O Poder Judici\u00e1rio de Santa Catarina e a Universidade Federal de Santa Catarina publicaram recentemente e Cole\u00e7\u00e3o Sistema de Justi\u00e7a, G\u00eanero e Diversidades: estudos e pr\u00e1ticas sobre aspectos socioculturais das viol\u00eancias contra as mulheres. Entre os estudos que comp\u00f5em a obra, est\u00e1 o artigo Reconhecimento ou apagamento das diferen\u00e7as? O sistema penal brasileiro por uma [&hellip;]<\/p>\n","protected":false},"author":8,"featured_media":2816,"comment_status":"open","ping_status":"open","sticky":false,"template":"","format":"standard","meta":{"_acf_changed":false,"footnotes":""},"categories":[1],"tags":[],"class_list":["post-2815","post","type-post","status-publish","format-standard","has-post-thumbnail","hentry","category-sem-categoria"],"acf":[],"_links":{"self":[{"href":"https:\/\/pos.uel.br\/ppgsoc\/wp-json\/wp\/v2\/posts\/2815","targetHints":{"allow":["GET"]}}],"collection":[{"href":"https:\/\/pos.uel.br\/ppgsoc\/wp-json\/wp\/v2\/posts"}],"about":[{"href":"https:\/\/pos.uel.br\/ppgsoc\/wp-json\/wp\/v2\/types\/post"}],"author":[{"embeddable":true,"href":"https:\/\/pos.uel.br\/ppgsoc\/wp-json\/wp\/v2\/users\/8"}],"replies":[{"embeddable":true,"href":"https:\/\/pos.uel.br\/ppgsoc\/wp-json\/wp\/v2\/comments?post=2815"}],"version-history":[{"count":1,"href":"https:\/\/pos.uel.br\/ppgsoc\/wp-json\/wp\/v2\/posts\/2815\/revisions"}],"predecessor-version":[{"id":2817,"href":"https:\/\/pos.uel.br\/ppgsoc\/wp-json\/wp\/v2\/posts\/2815\/revisions\/2817"}],"wp:featuredmedia":[{"embeddable":true,"href":"https:\/\/pos.uel.br\/ppgsoc\/wp-json\/wp\/v2\/media\/2816"}],"wp:attachment":[{"href":"https:\/\/pos.uel.br\/ppgsoc\/wp-json\/wp\/v2\/media?parent=2815"}],"wp:term":[{"taxonomy":"category","embeddable":true,"href":"https:\/\/pos.uel.br\/ppgsoc\/wp-json\/wp\/v2\/categories?post=2815"},{"taxonomy":"post_tag","embeddable":true,"href":"https:\/\/pos.uel.br\/ppgsoc\/wp-json\/wp\/v2\/tags?post=2815"}],"curies":[{"name":"wp","href":"https:\/\/api.w.org\/{rel}","templated":true}]}}