{"id":2800,"date":"2023-03-14T17:01:39","date_gmt":"2023-03-14T20:01:39","guid":{"rendered":"https:\/\/pos.uel.br\/ppgsoc\/?p=2800"},"modified":"2023-03-14T17:27:28","modified_gmt":"2023-03-14T20:27:28","slug":"artigo-publicado-as-mulheres-retratadas-pela-publicidade-brasileira-uma-abordagem-interseccional-sobre-as-referencias-sociais-veiculadas","status":"publish","type":"post","link":"https:\/\/pos.uel.br\/ppgsoc\/sem-categoria\/2023\/03\/14\/artigo-publicado-as-mulheres-retratadas-pela-publicidade-brasileira-uma-abordagem-interseccional-sobre-as-referencias-sociais-veiculadas\/","title":{"rendered":"Artigo publicado &#8211; As mulheres retratadas pela publicidade brasileira: uma abordagem interseccional sobre as refer\u00eancias sociais veiculadas"},"content":{"rendered":"\n<p>Foi publicado na Contempor\u00e2nea, Revista de Revista de Sociologia da UFSCar, o artigo &#8220;As mulheres retratadas pela publicidade brasileira: uma abordagem interseccional sobre as refer\u00eancias sociais veiculadas&#8221;, de autoria de Beatriz Molari, doutoranda do Programa de P\u00f3s-gradua\u00e7\u00e3o em Sociologia.<\/p>\n\n\n<div class=\"wp-block-image\">\n<figure class=\"aligncenter size-large\"><img loading=\"lazy\" decoding=\"async\" width=\"1024\" height=\"1024\" src=\"https:\/\/pos.uel.br\/ppgsoc\/wp-content\/uploads\/2023\/03\/Artigo-1-1024x1024.png\" alt=\"\" class=\"wp-image-2805\" srcset=\"https:\/\/pos.uel.br\/ppgsoc\/wp-content\/uploads\/2023\/03\/Artigo-1-1024x1024.png 1024w, https:\/\/pos.uel.br\/ppgsoc\/wp-content\/uploads\/2023\/03\/Artigo-1-300x300.png 300w, https:\/\/pos.uel.br\/ppgsoc\/wp-content\/uploads\/2023\/03\/Artigo-1-150x150.png 150w, https:\/\/pos.uel.br\/ppgsoc\/wp-content\/uploads\/2023\/03\/Artigo-1-768x768.png 768w, https:\/\/pos.uel.br\/ppgsoc\/wp-content\/uploads\/2023\/03\/Artigo-1.png 1080w\" sizes=\"auto, (max-width: 1024px) 100vw, 1024px\" \/><\/figure>\n<\/div>\n\n\n<p>O estudo apresenta parte das discuss\u00f5es realizadas pela estudante em sua tese em desenvolvimento. O artigo pode ser acessado <a href=\"https:\/\/www.contemporanea.ufscar.br\/index.php\/contemporanea\/article\/view\/1225\/541\">aqui<\/a>.<\/p>\n","protected":false},"excerpt":{"rendered":"<p>Foi publicado na Contempor\u00e2nea, Revista de Revista de Sociologia da UFSCar, o artigo &#8220;As mulheres retratadas pela publicidade brasileira: uma abordagem interseccional sobre as refer\u00eancias sociais veiculadas&#8221;, de autoria de Beatriz Molari, doutoranda do Programa de P\u00f3s-gradua\u00e7\u00e3o em Sociologia. O estudo apresenta parte das discuss\u00f5es realizadas pela estudante em sua tese em desenvolvimento. O artigo [&hellip;]<\/p>\n","protected":false},"author":8,"featured_media":2805,"comment_status":"open","ping_status":"open","sticky":false,"template":"","format":"standard","meta":{"_acf_changed":false,"footnotes":""},"categories":[1],"tags":[],"class_list":["post-2800","post","type-post","status-publish","format-standard","has-post-thumbnail","hentry","category-sem-categoria"],"acf":[],"_links":{"self":[{"href":"https:\/\/pos.uel.br\/ppgsoc\/wp-json\/wp\/v2\/posts\/2800","targetHints":{"allow":["GET"]}}],"collection":[{"href":"https:\/\/pos.uel.br\/ppgsoc\/wp-json\/wp\/v2\/posts"}],"about":[{"href":"https:\/\/pos.uel.br\/ppgsoc\/wp-json\/wp\/v2\/types\/post"}],"author":[{"embeddable":true,"href":"https:\/\/pos.uel.br\/ppgsoc\/wp-json\/wp\/v2\/users\/8"}],"replies":[{"embeddable":true,"href":"https:\/\/pos.uel.br\/ppgsoc\/wp-json\/wp\/v2\/comments?post=2800"}],"version-history":[{"count":4,"href":"https:\/\/pos.uel.br\/ppgsoc\/wp-json\/wp\/v2\/posts\/2800\/revisions"}],"predecessor-version":[{"id":2807,"href":"https:\/\/pos.uel.br\/ppgsoc\/wp-json\/wp\/v2\/posts\/2800\/revisions\/2807"}],"wp:featuredmedia":[{"embeddable":true,"href":"https:\/\/pos.uel.br\/ppgsoc\/wp-json\/wp\/v2\/media\/2805"}],"wp:attachment":[{"href":"https:\/\/pos.uel.br\/ppgsoc\/wp-json\/wp\/v2\/media?parent=2800"}],"wp:term":[{"taxonomy":"category","embeddable":true,"href":"https:\/\/pos.uel.br\/ppgsoc\/wp-json\/wp\/v2\/categories?post=2800"},{"taxonomy":"post_tag","embeddable":true,"href":"https:\/\/pos.uel.br\/ppgsoc\/wp-json\/wp\/v2\/tags?post=2800"}],"curies":[{"name":"wp","href":"https:\/\/api.w.org\/{rel}","templated":true}]}}