{"id":2779,"date":"2023-03-04T09:10:02","date_gmt":"2023-03-04T12:10:02","guid":{"rendered":"https:\/\/pos.uel.br\/ppgsoc\/?p=2779"},"modified":"2023-03-04T09:10:05","modified_gmt":"2023-03-04T12:10:05","slug":"evento-seminario-internacional-seguranca-e-policiamento-plural","status":"publish","type":"post","link":"https:\/\/pos.uel.br\/ppgsoc\/sem-categoria\/2023\/03\/04\/evento-seminario-internacional-seguranca-e-policiamento-plural\/","title":{"rendered":"Evento: Semin\u00e1rio Internacional &#8220;Seguran\u00e7a e Policiamento Plural&#8221;"},"content":{"rendered":"\n<p>Ser\u00e1 realizado, no dia 8 de mar\u00e7o, o Semin\u00e1rio Internacional &#8220;Seguran\u00e7a e Policiamento Plural&#8221;. O evento \u00e9 uma realiza\u00e7\u00e3o da Faculdade de Direito da Universidade do Porto.<\/p>\n\n\n<div class=\"wp-block-image\">\n<figure class=\"aligncenter size-full\"><img loading=\"lazy\" decoding=\"async\" width=\"768\" height=\"320\" src=\"https:\/\/pos.uel.br\/ppgsoc\/wp-content\/uploads\/2023\/03\/seminario-768x320-1.png\" alt=\"\" class=\"wp-image-2780\" srcset=\"https:\/\/pos.uel.br\/ppgsoc\/wp-content\/uploads\/2023\/03\/seminario-768x320-1.png 768w, https:\/\/pos.uel.br\/ppgsoc\/wp-content\/uploads\/2023\/03\/seminario-768x320-1-300x125.png 300w\" sizes=\"auto, (max-width: 768px) 100vw, 768px\" \/><\/figure>\n<\/div>\n\n\n<p>O Prof. Dr. Cleber Lopes, coordenador do LEGS\/UEL e do Programa de P\u00f3s Gradua\u00e7\u00e3o em Sociologia da Universidade Estadual de Londrina, participar\u00e1 como painelista no evento e tratar\u00e1 sobre \u201cPoliciamento Plural\u201c. <\/p>\n\n\n\n<p>Para saber mais acesse\u00a0<a href=\"https:\/\/noticias.up.pt\/fdup\/seminario-internacional-seguranca-e-policiamento-plural-8-de-marco-de-2023-fdup\/\">AQUI<\/a>.<\/p>\n","protected":false},"excerpt":{"rendered":"<p>Ser\u00e1 realizado, no dia 8 de mar\u00e7o, o Semin\u00e1rio Internacional &#8220;Seguran\u00e7a e Policiamento Plural&#8221;. O evento \u00e9 uma realiza\u00e7\u00e3o da Faculdade de Direito da Universidade do Porto. O Prof. Dr. Cleber Lopes, coordenador do LEGS\/UEL e do Programa de P\u00f3s Gradua\u00e7\u00e3o em Sociologia da Universidade Estadual de Londrina, participar\u00e1 como painelista no evento e tratar\u00e1 [&hellip;]<\/p>\n","protected":false},"author":8,"featured_media":2780,"comment_status":"open","ping_status":"open","sticky":false,"template":"","format":"standard","meta":{"_acf_changed":false,"footnotes":""},"categories":[1],"tags":[],"class_list":["post-2779","post","type-post","status-publish","format-standard","has-post-thumbnail","hentry","category-sem-categoria"],"acf":[],"_links":{"self":[{"href":"https:\/\/pos.uel.br\/ppgsoc\/wp-json\/wp\/v2\/posts\/2779","targetHints":{"allow":["GET"]}}],"collection":[{"href":"https:\/\/pos.uel.br\/ppgsoc\/wp-json\/wp\/v2\/posts"}],"about":[{"href":"https:\/\/pos.uel.br\/ppgsoc\/wp-json\/wp\/v2\/types\/post"}],"author":[{"embeddable":true,"href":"https:\/\/pos.uel.br\/ppgsoc\/wp-json\/wp\/v2\/users\/8"}],"replies":[{"embeddable":true,"href":"https:\/\/pos.uel.br\/ppgsoc\/wp-json\/wp\/v2\/comments?post=2779"}],"version-history":[{"count":1,"href":"https:\/\/pos.uel.br\/ppgsoc\/wp-json\/wp\/v2\/posts\/2779\/revisions"}],"predecessor-version":[{"id":2781,"href":"https:\/\/pos.uel.br\/ppgsoc\/wp-json\/wp\/v2\/posts\/2779\/revisions\/2781"}],"wp:featuredmedia":[{"embeddable":true,"href":"https:\/\/pos.uel.br\/ppgsoc\/wp-json\/wp\/v2\/media\/2780"}],"wp:attachment":[{"href":"https:\/\/pos.uel.br\/ppgsoc\/wp-json\/wp\/v2\/media?parent=2779"}],"wp:term":[{"taxonomy":"category","embeddable":true,"href":"https:\/\/pos.uel.br\/ppgsoc\/wp-json\/wp\/v2\/categories?post=2779"},{"taxonomy":"post_tag","embeddable":true,"href":"https:\/\/pos.uel.br\/ppgsoc\/wp-json\/wp\/v2\/tags?post=2779"}],"curies":[{"name":"wp","href":"https:\/\/api.w.org\/{rel}","templated":true}]}}