{"id":2776,"date":"2023-03-02T15:03:33","date_gmt":"2023-03-02T18:03:33","guid":{"rendered":"https:\/\/pos.uel.br\/ppgsoc\/?p=2776"},"modified":"2023-03-02T15:03:34","modified_gmt":"2023-03-02T18:03:34","slug":"chamada-para-artigos-em-dossie-da-revista-tempo-espaco-e-linguagem","status":"publish","type":"post","link":"https:\/\/pos.uel.br\/ppgsoc\/sem-categoria\/2023\/03\/02\/chamada-para-artigos-em-dossie-da-revista-tempo-espaco-e-linguagem\/","title":{"rendered":"Chamada para artigos em dossi\u00ea da\u00a0Revista Tempo, Espa\u00e7o e Linguagem"},"content":{"rendered":"\n<p>A <em>Revista Tempo, Espa\u00e7o e Linguagem<\/em>\u00a0(<strong>Qualis B1<\/strong>) est\u00e1 com chamada\u00a0do dossi\u00ea:\u00a0<a rel=\"noreferrer noopener\" href=\"https:\/\/revistas.uepg.br\/index.php\/tel\/announcement\/view\/461\" target=\"_blank\"><strong>Di\u00e1logos Interdisciplinares: o estudo de sujeitos circunscritos pelos marcadores sociais da diferen\u00e7a<\/strong>\u00a0<\/a>que ir\u00e1 compor o n\u00famero 01 (Janeiro-Junho) de 2023. <\/p>\n\n\n\n<p>A Revista recebe tamb\u00e9m contribui\u00e7\u00f5es em fluxo cont\u00ednuo de artigos livres, ensaios e tradu\u00e7\u00f5es em portugu\u00eas, ingl\u00eas e espanhol.\u00a0<\/p>\n\n\n\n<p>A organiza\u00e7\u00e3o do dossi\u00ea ser\u00e1 feita pelas pesquisadoras Kamila Dinucci Correia Silva (Universidade Federal de Ouro Preto &#8211; UFOP) e Valeska Bassi de Souza (Universidade Federal de Mato Grosso &#8211; UFMT). &nbsp;<\/p>\n\n\n\n<p>Submiss\u00f5es at\u00e9<strong>\u00a0<\/strong>10 de mar\u00e7o de 2023\u00a0pelo endere\u00e7o eletr\u00f4nico da revista:\u00a0<a rel=\"noreferrer noopener\" href=\"https:\/\/revistas.uepg.br\/index.php\/tel\/index\" target=\"_blank\">Tempo, Espa\u00e7o e Linguagem (TEL)<\/a>.\u00a0<\/p>\n","protected":false},"excerpt":{"rendered":"<p>A Revista Tempo, Espa\u00e7o e Linguagem\u00a0(Qualis B1) est\u00e1 com chamada\u00a0do dossi\u00ea:\u00a0Di\u00e1logos Interdisciplinares: o estudo de sujeitos circunscritos pelos marcadores sociais da diferen\u00e7a\u00a0que ir\u00e1 compor o n\u00famero 01 (Janeiro-Junho) de 2023. A Revista recebe tamb\u00e9m contribui\u00e7\u00f5es em fluxo cont\u00ednuo de artigos livres, ensaios e tradu\u00e7\u00f5es em portugu\u00eas, ingl\u00eas e espanhol.\u00a0 A organiza\u00e7\u00e3o do dossi\u00ea ser\u00e1 feita [&hellip;]<\/p>\n","protected":false},"author":8,"featured_media":2777,"comment_status":"open","ping_status":"open","sticky":false,"template":"","format":"standard","meta":{"_acf_changed":false,"footnotes":""},"categories":[1],"tags":[],"class_list":["post-2776","post","type-post","status-publish","format-standard","has-post-thumbnail","hentry","category-sem-categoria"],"acf":[],"_links":{"self":[{"href":"https:\/\/pos.uel.br\/ppgsoc\/wp-json\/wp\/v2\/posts\/2776","targetHints":{"allow":["GET"]}}],"collection":[{"href":"https:\/\/pos.uel.br\/ppgsoc\/wp-json\/wp\/v2\/posts"}],"about":[{"href":"https:\/\/pos.uel.br\/ppgsoc\/wp-json\/wp\/v2\/types\/post"}],"author":[{"embeddable":true,"href":"https:\/\/pos.uel.br\/ppgsoc\/wp-json\/wp\/v2\/users\/8"}],"replies":[{"embeddable":true,"href":"https:\/\/pos.uel.br\/ppgsoc\/wp-json\/wp\/v2\/comments?post=2776"}],"version-history":[{"count":1,"href":"https:\/\/pos.uel.br\/ppgsoc\/wp-json\/wp\/v2\/posts\/2776\/revisions"}],"predecessor-version":[{"id":2778,"href":"https:\/\/pos.uel.br\/ppgsoc\/wp-json\/wp\/v2\/posts\/2776\/revisions\/2778"}],"wp:featuredmedia":[{"embeddable":true,"href":"https:\/\/pos.uel.br\/ppgsoc\/wp-json\/wp\/v2\/media\/2777"}],"wp:attachment":[{"href":"https:\/\/pos.uel.br\/ppgsoc\/wp-json\/wp\/v2\/media?parent=2776"}],"wp:term":[{"taxonomy":"category","embeddable":true,"href":"https:\/\/pos.uel.br\/ppgsoc\/wp-json\/wp\/v2\/categories?post=2776"},{"taxonomy":"post_tag","embeddable":true,"href":"https:\/\/pos.uel.br\/ppgsoc\/wp-json\/wp\/v2\/tags?post=2776"}],"curies":[{"name":"wp","href":"https:\/\/api.w.org\/{rel}","templated":true}]}}