{"id":2761,"date":"2023-02-23T18:52:08","date_gmt":"2023-02-23T21:52:08","guid":{"rendered":"https:\/\/pos.uel.br\/ppgsoc\/?p=2761"},"modified":"2023-02-23T18:52:12","modified_gmt":"2023-02-23T21:52:12","slug":"artigo-quando-a-policia-militar-vai-a-escola-e-publicado-na-revista-educacao-e-pesquisa","status":"publish","type":"post","link":"https:\/\/pos.uel.br\/ppgsoc\/sem-categoria\/2023\/02\/23\/artigo-quando-a-policia-militar-vai-a-escola-e-publicado-na-revista-educacao-e-pesquisa\/","title":{"rendered":"Artigo &#8220;Quando a Pol\u00edcia Militar vai \u00e0 escola&#8221; \u00e9 publicado na Revista Educa\u00e7\u00e3o e Pesquisa"},"content":{"rendered":"\n<p>Foi publicado na Revista Educa\u00e7\u00e3o e Pesquisa o artigo &#8220;Quando a Pol\u00edcia Militar vai \u00e0 escola&#8221; de autoria do professor do PPGSOC-UEL Cleber Lopes e do mestrando Rafael Rossato. <\/p>\n\n\n<div class=\"wp-block-image\">\n<figure class=\"aligncenter size-full is-resized\"><img loading=\"lazy\" decoding=\"async\" src=\"https:\/\/pos.uel.br\/ppgsoc\/wp-content\/uploads\/2023\/02\/download.jpg\" alt=\"\" class=\"wp-image-2762\" width=\"395\" height=\"395\" srcset=\"https:\/\/pos.uel.br\/ppgsoc\/wp-content\/uploads\/2023\/02\/download.jpg 640w, https:\/\/pos.uel.br\/ppgsoc\/wp-content\/uploads\/2023\/02\/download-300x300.jpg 300w, https:\/\/pos.uel.br\/ppgsoc\/wp-content\/uploads\/2023\/02\/download-150x150.jpg 150w\" sizes=\"auto, (max-width: 395px) 100vw, 395px\" \/><figcaption class=\"wp-element-caption\">Fonte: Legs<\/figcaption><\/figure>\n<\/div>\n\n\n<p><\/p>\n\n\n\n<p>O estudo avalia o impacto do programa Escola Segura na sensa\u00e7\u00e3o de seguran\u00e7a, na vitimiza\u00e7\u00e3o, na picha\u00e7\u00e3o e no consumo de drogas il\u00edcitas em uma escola p\u00fablica da cidade de Londrina. Acesse o artigo neste <a href=\"https:\/\/www.scielo.br\/j\/ep\/a\/WKSVkX7LfNVtNHVMMD5hvMC\/?format=html&amp;lang=pt\">link<\/a>.<\/p>\n","protected":false},"excerpt":{"rendered":"<p>Foi publicado na Revista Educa\u00e7\u00e3o e Pesquisa o artigo &#8220;Quando a Pol\u00edcia Militar vai \u00e0 escola&#8221; de autoria do professor do PPGSOC-UEL Cleber Lopes e do mestrando Rafael Rossato. O estudo avalia o impacto do programa Escola Segura na sensa\u00e7\u00e3o de seguran\u00e7a, na vitimiza\u00e7\u00e3o, na picha\u00e7\u00e3o e no consumo de drogas il\u00edcitas em uma escola [&hellip;]<\/p>\n","protected":false},"author":8,"featured_media":2762,"comment_status":"open","ping_status":"open","sticky":false,"template":"","format":"standard","meta":{"_acf_changed":false,"footnotes":""},"categories":[1],"tags":[],"class_list":["post-2761","post","type-post","status-publish","format-standard","has-post-thumbnail","hentry","category-sem-categoria"],"acf":[],"_links":{"self":[{"href":"https:\/\/pos.uel.br\/ppgsoc\/wp-json\/wp\/v2\/posts\/2761","targetHints":{"allow":["GET"]}}],"collection":[{"href":"https:\/\/pos.uel.br\/ppgsoc\/wp-json\/wp\/v2\/posts"}],"about":[{"href":"https:\/\/pos.uel.br\/ppgsoc\/wp-json\/wp\/v2\/types\/post"}],"author":[{"embeddable":true,"href":"https:\/\/pos.uel.br\/ppgsoc\/wp-json\/wp\/v2\/users\/8"}],"replies":[{"embeddable":true,"href":"https:\/\/pos.uel.br\/ppgsoc\/wp-json\/wp\/v2\/comments?post=2761"}],"version-history":[{"count":1,"href":"https:\/\/pos.uel.br\/ppgsoc\/wp-json\/wp\/v2\/posts\/2761\/revisions"}],"predecessor-version":[{"id":2763,"href":"https:\/\/pos.uel.br\/ppgsoc\/wp-json\/wp\/v2\/posts\/2761\/revisions\/2763"}],"wp:featuredmedia":[{"embeddable":true,"href":"https:\/\/pos.uel.br\/ppgsoc\/wp-json\/wp\/v2\/media\/2762"}],"wp:attachment":[{"href":"https:\/\/pos.uel.br\/ppgsoc\/wp-json\/wp\/v2\/media?parent=2761"}],"wp:term":[{"taxonomy":"category","embeddable":true,"href":"https:\/\/pos.uel.br\/ppgsoc\/wp-json\/wp\/v2\/categories?post=2761"},{"taxonomy":"post_tag","embeddable":true,"href":"https:\/\/pos.uel.br\/ppgsoc\/wp-json\/wp\/v2\/tags?post=2761"}],"curies":[{"name":"wp","href":"https:\/\/api.w.org\/{rel}","templated":true}]}}