{"id":2720,"date":"2023-01-13T14:48:12","date_gmt":"2023-01-13T17:48:12","guid":{"rendered":"https:\/\/pos.uel.br\/ppgsoc\/?p=2720"},"modified":"2023-01-13T14:48:13","modified_gmt":"2023-01-13T17:48:13","slug":"inscricoes-abertas-para-grupos-de-trabalho-do-21o-congresso-brasileiro-de-sociologia","status":"publish","type":"post","link":"https:\/\/pos.uel.br\/ppgsoc\/sem-categoria\/2023\/01\/13\/inscricoes-abertas-para-grupos-de-trabalho-do-21o-congresso-brasileiro-de-sociologia\/","title":{"rendered":"Inscri\u00e7\u00f5es abertas para grupos de trabalho do 21o. Congresso Brasileiro de Sociologia"},"content":{"rendered":"\n<p>Est\u00e3o abertas as inscri\u00e7\u00f5es para grupos de trabalho do 21o. Congresso Brasileiro de Sociologia, a ser realizado entre os dias 11 e 14 de julho, em Bel\u00e9m.<\/p>\n\n\n\n<p>Entre os grupos de trabalho, est\u00e1 o GT 07: Feminic\u00eddios em perspectiva: teorias, legisla\u00e7\u00e3o e pol\u00edticas p\u00fablicas, coordenado pela Profa. Dra. Silvana Mariano, docente do PPGSOC-UEL, junto do Prof. Dr. M\u00e1rcio Ferreira de Souza (UFU) e da Profa. Dra. M\u00e1rcia Tavares (UFBA).<\/p>\n\n\n\n<figure class=\"wp-block-gallery has-nested-images columns-default is-cropped wp-block-gallery-1 is-layout-flex wp-block-gallery-is-layout-flex\">\n<figure class=\"wp-block-image size-large\"><img loading=\"lazy\" decoding=\"async\" width=\"756\" height=\"756\" data-id=\"2721\" src=\"https:\/\/pos.uel.br\/ppgsoc\/wp-content\/uploads\/2023\/01\/WhatsApp-Image-2023-01-13-at-13.38.23.jpeg\" alt=\"\" class=\"wp-image-2721\" srcset=\"https:\/\/pos.uel.br\/ppgsoc\/wp-content\/uploads\/2023\/01\/WhatsApp-Image-2023-01-13-at-13.38.23.jpeg 756w, https:\/\/pos.uel.br\/ppgsoc\/wp-content\/uploads\/2023\/01\/WhatsApp-Image-2023-01-13-at-13.38.23-300x300.jpeg 300w, https:\/\/pos.uel.br\/ppgsoc\/wp-content\/uploads\/2023\/01\/WhatsApp-Image-2023-01-13-at-13.38.23-150x150.jpeg 150w\" sizes=\"auto, (max-width: 756px) 100vw, 756px\" \/><\/figure>\n<\/figure>\n\n\n\n<p>Para mais informa\u00e7\u00f5es, acesse o site do <a href=\"https:\/\/www.sbs2023.sbsociologia.com.br\/\">evento<\/a>.<\/p>\n","protected":false},"excerpt":{"rendered":"<p>Est\u00e3o abertas as inscri\u00e7\u00f5es para grupos de trabalho do 21o. Congresso Brasileiro de Sociologia, a ser realizado entre os dias 11 e 14 de julho, em Bel\u00e9m. Entre os grupos de trabalho, est\u00e1 o GT 07: Feminic\u00eddios em perspectiva: teorias, legisla\u00e7\u00e3o e pol\u00edticas p\u00fablicas, coordenado pela Profa. Dra. Silvana Mariano, docente do PPGSOC-UEL, junto do [&hellip;]<\/p>\n","protected":false},"author":8,"featured_media":2721,"comment_status":"open","ping_status":"open","sticky":false,"template":"","format":"standard","meta":{"_acf_changed":false,"footnotes":""},"categories":[1],"tags":[],"class_list":["post-2720","post","type-post","status-publish","format-standard","has-post-thumbnail","hentry","category-sem-categoria"],"acf":[],"_links":{"self":[{"href":"https:\/\/pos.uel.br\/ppgsoc\/wp-json\/wp\/v2\/posts\/2720","targetHints":{"allow":["GET"]}}],"collection":[{"href":"https:\/\/pos.uel.br\/ppgsoc\/wp-json\/wp\/v2\/posts"}],"about":[{"href":"https:\/\/pos.uel.br\/ppgsoc\/wp-json\/wp\/v2\/types\/post"}],"author":[{"embeddable":true,"href":"https:\/\/pos.uel.br\/ppgsoc\/wp-json\/wp\/v2\/users\/8"}],"replies":[{"embeddable":true,"href":"https:\/\/pos.uel.br\/ppgsoc\/wp-json\/wp\/v2\/comments?post=2720"}],"version-history":[{"count":1,"href":"https:\/\/pos.uel.br\/ppgsoc\/wp-json\/wp\/v2\/posts\/2720\/revisions"}],"predecessor-version":[{"id":2722,"href":"https:\/\/pos.uel.br\/ppgsoc\/wp-json\/wp\/v2\/posts\/2720\/revisions\/2722"}],"wp:featuredmedia":[{"embeddable":true,"href":"https:\/\/pos.uel.br\/ppgsoc\/wp-json\/wp\/v2\/media\/2721"}],"wp:attachment":[{"href":"https:\/\/pos.uel.br\/ppgsoc\/wp-json\/wp\/v2\/media?parent=2720"}],"wp:term":[{"taxonomy":"category","embeddable":true,"href":"https:\/\/pos.uel.br\/ppgsoc\/wp-json\/wp\/v2\/categories?post=2720"},{"taxonomy":"post_tag","embeddable":true,"href":"https:\/\/pos.uel.br\/ppgsoc\/wp-json\/wp\/v2\/tags?post=2720"}],"curies":[{"name":"wp","href":"https:\/\/api.w.org\/{rel}","templated":true}]}}