{"id":2715,"date":"2023-01-11T15:04:11","date_gmt":"2023-01-11T18:04:11","guid":{"rendered":"https:\/\/pos.uel.br\/ppgsoc\/?p=2715"},"modified":"2023-01-11T15:04:11","modified_gmt":"2023-01-11T18:04:11","slug":"nova-publicacao-da-revista-perspectivas-sociais-v-8-no-2-2022","status":"publish","type":"post","link":"https:\/\/pos.uel.br\/ppgsoc\/sem-categoria\/2023\/01\/11\/nova-publicacao-da-revista-perspectivas-sociais-v-8-no-2-2022\/","title":{"rendered":"Nova publica\u00e7\u00e3o da revista Perspectivas Sociais (v. 8, n\u00ba. 2, 2022)"},"content":{"rendered":"\n<p>A revista Perspectivas Sociais (v. 8, n\u00ba. 2, 2022), ISSN: 2317-7438, <a href=\"https:\/\/periodicos.ufpel.edu.br\/ojs2\/index.php\/percsoc\/issue\/view\/1146\">dispon\u00edvel aqui<\/a> tem o novo volume intitulado &#8220;<em>Complexidades do Social&#8221;<\/em>. <\/p>\n\n\n\n<p>A nova publica\u00e7\u00e3o apresenta distintas tem\u00e1ticas e m\u00faltiplas possibilidades metodol\u00f3gicas de pesquisa nas Ci\u00eancias Sociais, evidenciando a complexidade com a qual o\/a pesquisador\/a se depara na an\u00e1lise da realidade social. Nesse sentido, a\u00a0composi\u00e7\u00e3o dos artigos nesse n\u00famero aborda temas diversos e relacionados com diferentes \u00e1reas do conhecimento, tais como o Direito,\u00a0a Sa\u00fade,\u00a0a Arte, a Educa\u00e7\u00e3o e mesmo a Psican\u00e1lise. <\/p>\n\n\n\n<p>A publica\u00e7\u00e3o conta com textos cujo objeto de an\u00e1lise\u00a0<em>macro<\/em>\u00a0\u00e9 similar, mas distintos no que se refere aos enfoques te\u00f3ricos e \u00e0s ferramentas anal\u00edticas utilizadas, evidenciando as m\u00faltiplas possibilidades do campo social e a complexidade dos estudos sociol\u00f3gicos na atualidade.<\/p>\n","protected":false},"excerpt":{"rendered":"<p>A revista Perspectivas Sociais (v. 8, n\u00ba. 2, 2022), ISSN: 2317-7438, dispon\u00edvel aqui tem o novo volume intitulado &#8220;Complexidades do Social&#8221;. A nova publica\u00e7\u00e3o apresenta distintas tem\u00e1ticas e m\u00faltiplas possibilidades metodol\u00f3gicas de pesquisa nas Ci\u00eancias Sociais, evidenciando a complexidade com a qual o\/a pesquisador\/a se depara na an\u00e1lise da realidade social. Nesse sentido, a\u00a0composi\u00e7\u00e3o dos [&hellip;]<\/p>\n","protected":false},"author":8,"featured_media":2716,"comment_status":"open","ping_status":"open","sticky":false,"template":"","format":"standard","meta":{"_acf_changed":false,"footnotes":""},"categories":[1],"tags":[],"class_list":["post-2715","post","type-post","status-publish","format-standard","has-post-thumbnail","hentry","category-sem-categoria"],"acf":[],"_links":{"self":[{"href":"https:\/\/pos.uel.br\/ppgsoc\/wp-json\/wp\/v2\/posts\/2715","targetHints":{"allow":["GET"]}}],"collection":[{"href":"https:\/\/pos.uel.br\/ppgsoc\/wp-json\/wp\/v2\/posts"}],"about":[{"href":"https:\/\/pos.uel.br\/ppgsoc\/wp-json\/wp\/v2\/types\/post"}],"author":[{"embeddable":true,"href":"https:\/\/pos.uel.br\/ppgsoc\/wp-json\/wp\/v2\/users\/8"}],"replies":[{"embeddable":true,"href":"https:\/\/pos.uel.br\/ppgsoc\/wp-json\/wp\/v2\/comments?post=2715"}],"version-history":[{"count":1,"href":"https:\/\/pos.uel.br\/ppgsoc\/wp-json\/wp\/v2\/posts\/2715\/revisions"}],"predecessor-version":[{"id":2718,"href":"https:\/\/pos.uel.br\/ppgsoc\/wp-json\/wp\/v2\/posts\/2715\/revisions\/2718"}],"wp:featuredmedia":[{"embeddable":true,"href":"https:\/\/pos.uel.br\/ppgsoc\/wp-json\/wp\/v2\/media\/2716"}],"wp:attachment":[{"href":"https:\/\/pos.uel.br\/ppgsoc\/wp-json\/wp\/v2\/media?parent=2715"}],"wp:term":[{"taxonomy":"category","embeddable":true,"href":"https:\/\/pos.uel.br\/ppgsoc\/wp-json\/wp\/v2\/categories?post=2715"},{"taxonomy":"post_tag","embeddable":true,"href":"https:\/\/pos.uel.br\/ppgsoc\/wp-json\/wp\/v2\/tags?post=2715"}],"curies":[{"name":"wp","href":"https:\/\/api.w.org\/{rel}","templated":true}]}}