{"id":2709,"date":"2023-01-03T15:46:16","date_gmt":"2023-01-03T18:46:16","guid":{"rendered":"https:\/\/pos.uel.br\/ppgsoc\/?p=2709"},"modified":"2023-01-03T15:46:17","modified_gmt":"2023-01-03T18:46:17","slug":"artigo-igualdade-de-genero-dos-odm-aos-ods-avaliacoes-feministas-publicado-na-revista-de-administracao-publica","status":"publish","type":"post","link":"https:\/\/pos.uel.br\/ppgsoc\/sem-categoria\/2023\/01\/03\/artigo-igualdade-de-genero-dos-odm-aos-ods-avaliacoes-feministas-publicado-na-revista-de-administracao-publica\/","title":{"rendered":"Artigo &#8220;Igualdade de g\u00eanero dos ODM aos ODS: avalia\u00e7\u00f5es feministas&#8221; publicado na Revista de Administra\u00e7\u00e3o P\u00fablica"},"content":{"rendered":"\n<p>Foi publicado recentemente na Revista de Administra\u00e7\u00e3o P\u00fablica (RAP) o artigo <strong>Igualdade de g\u00eanero dos ODM aos ODS: avalia\u00e7\u00f5es feministas<\/strong>, de autoria da Profe. Dr. Silvana Mariano e da doutoranda do PPGSOC Beatriz Molari.<\/p>\n\n\n\n<figure class=\"wp-block-gallery has-nested-images columns-default is-cropped wp-block-gallery-1 is-layout-flex wp-block-gallery-is-layout-flex\">\n<figure class=\"wp-block-image size-large\"><img loading=\"lazy\" decoding=\"async\" width=\"601\" height=\"360\" data-id=\"2710\" src=\"https:\/\/pos.uel.br\/ppgsoc\/wp-content\/uploads\/2023\/01\/WhatsApp-Image-2023-01-03-at-15.40.22.jpeg\" alt=\"\" class=\"wp-image-2710\" srcset=\"https:\/\/pos.uel.br\/ppgsoc\/wp-content\/uploads\/2023\/01\/WhatsApp-Image-2023-01-03-at-15.40.22.jpeg 601w, https:\/\/pos.uel.br\/ppgsoc\/wp-content\/uploads\/2023\/01\/WhatsApp-Image-2023-01-03-at-15.40.22-300x180.jpeg 300w\" sizes=\"auto, (max-width: 601px) 100vw, 601px\" \/><\/figure>\n<\/figure>\n\n\n\n<p>O artigo pode ser lido na \u00edntegra <a href=\"https:\/\/bibliotecadigital.fgv.br\/ojs\/index.php\/rap\/article\/view\/88554\/83285\">aqui<\/a>.<\/p>\n","protected":false},"excerpt":{"rendered":"<p>Foi publicado recentemente na Revista de Administra\u00e7\u00e3o P\u00fablica (RAP) o artigo Igualdade de g\u00eanero dos ODM aos ODS: avalia\u00e7\u00f5es feministas, de autoria da Profe. Dr. Silvana Mariano e da doutoranda do PPGSOC Beatriz Molari. O artigo pode ser lido na \u00edntegra aqui.<\/p>\n","protected":false},"author":8,"featured_media":2710,"comment_status":"open","ping_status":"open","sticky":false,"template":"","format":"standard","meta":{"_acf_changed":false,"footnotes":""},"categories":[1],"tags":[],"class_list":["post-2709","post","type-post","status-publish","format-standard","has-post-thumbnail","hentry","category-sem-categoria"],"acf":[],"_links":{"self":[{"href":"https:\/\/pos.uel.br\/ppgsoc\/wp-json\/wp\/v2\/posts\/2709","targetHints":{"allow":["GET"]}}],"collection":[{"href":"https:\/\/pos.uel.br\/ppgsoc\/wp-json\/wp\/v2\/posts"}],"about":[{"href":"https:\/\/pos.uel.br\/ppgsoc\/wp-json\/wp\/v2\/types\/post"}],"author":[{"embeddable":true,"href":"https:\/\/pos.uel.br\/ppgsoc\/wp-json\/wp\/v2\/users\/8"}],"replies":[{"embeddable":true,"href":"https:\/\/pos.uel.br\/ppgsoc\/wp-json\/wp\/v2\/comments?post=2709"}],"version-history":[{"count":1,"href":"https:\/\/pos.uel.br\/ppgsoc\/wp-json\/wp\/v2\/posts\/2709\/revisions"}],"predecessor-version":[{"id":2711,"href":"https:\/\/pos.uel.br\/ppgsoc\/wp-json\/wp\/v2\/posts\/2709\/revisions\/2711"}],"wp:featuredmedia":[{"embeddable":true,"href":"https:\/\/pos.uel.br\/ppgsoc\/wp-json\/wp\/v2\/media\/2710"}],"wp:attachment":[{"href":"https:\/\/pos.uel.br\/ppgsoc\/wp-json\/wp\/v2\/media?parent=2709"}],"wp:term":[{"taxonomy":"category","embeddable":true,"href":"https:\/\/pos.uel.br\/ppgsoc\/wp-json\/wp\/v2\/categories?post=2709"},{"taxonomy":"post_tag","embeddable":true,"href":"https:\/\/pos.uel.br\/ppgsoc\/wp-json\/wp\/v2\/tags?post=2709"}],"curies":[{"name":"wp","href":"https:\/\/api.w.org\/{rel}","templated":true}]}}