{"id":2679,"date":"2022-12-17T13:45:37","date_gmt":"2022-12-17T16:45:37","guid":{"rendered":"https:\/\/pos.uel.br\/ppgsoc\/?p=2679"},"modified":"2022-12-17T13:45:37","modified_gmt":"2022-12-17T16:45:37","slug":"chamada-aberta-para-artigos-editorial-constitucionalismo-e-democracia-revista-da-faculdade-de-direito-do-sul-de-minas","status":"publish","type":"post","link":"https:\/\/pos.uel.br\/ppgsoc\/sem-categoria\/2022\/12\/17\/chamada-aberta-para-artigos-editorial-constitucionalismo-e-democracia-revista-da-faculdade-de-direito-do-sul-de-minas\/","title":{"rendered":"Chamada aberta para artigos: editorial &#8220;Constitucionalismo e Democracia&#8221;\u00a0&#8211; Revista da Faculdade de Direito do Sul de Minas"},"content":{"rendered":"\n<figure class=\"wp-block-image size-full\"><img loading=\"lazy\" decoding=\"async\" width=\"453\" height=\"386\" src=\"https:\/\/pos.uel.br\/ppgsoc\/wp-content\/uploads\/2022\/12\/Captura-de-Tela-2022-12-17-a\u0300s-13.45.08.png\" alt=\"\" class=\"wp-image-2680\" srcset=\"https:\/\/pos.uel.br\/ppgsoc\/wp-content\/uploads\/2022\/12\/Captura-de-Tela-2022-12-17-a\u0300s-13.45.08.png 453w, https:\/\/pos.uel.br\/ppgsoc\/wp-content\/uploads\/2022\/12\/Captura-de-Tela-2022-12-17-a\u0300s-13.45.08-300x256.png 300w\" sizes=\"auto, (max-width: 453px) 100vw, 453px\" \/><\/figure>\n\n\n\n<p>A Revista da Faculdade de Direito do Sul de Minas est\u00e1 com chamada aberta para artigos\u00a0na linha editorial &#8220;Constitucionalismo e Democracia&#8221; e seus poss\u00edveis desdobramentos\/problematiza\u00e7\u00f5es: direitos fundamentais, direitos sociais, direitos da cidadania, teoria e filosofia pol\u00edtica, teoria e filosofia do direito, sociologia jur\u00eddica, hist\u00f3ria, teoria e filosofia do Estado, teoria da democracia, hermen\u00eautica, processo e jurisdi\u00e7\u00e3o constitucional, entre outros.<\/p>\n\n\n\n<p>A RFDSM \u00e9 uma publica\u00e7\u00e3o vinculada ao Programa de P\u00f3s-Gradua\u00e7\u00e3o Stricto Sensu da FDSM. Fundada em 1984, a Revista publica artigos, ensaios e resenhas in\u00e9ditas na \u00e1rea jur\u00eddica, frutos do desenvolvimento de pesquisas acad\u00eamicas por autores nacionais ou estrangeiros, com rigoroso sistema de avalia\u00e7\u00e3o&nbsp;<em>double blind peer review,&nbsp;<\/em>fluxo cont\u00ednuo de recebimento de trabalhos e acesso aberto.<\/p>\n\n\n\n<p>A submiss\u00e3o de artigos deve ser feita atrav\u00e9s da plataforma OJS da Revista:&nbsp;<a href=\"https:\/\/revista.fdsm.edu.br\/index.php\/revistafdsm\/about\/submissions\" target=\"_blank\" rel=\"noreferrer noopener\">submiss\u00e3o<\/a><em>.<\/em><\/p>\n","protected":false},"excerpt":{"rendered":"<p>A Revista da Faculdade de Direito do Sul de Minas est\u00e1 com chamada aberta para artigos\u00a0na linha editorial &#8220;Constitucionalismo e Democracia&#8221; e seus poss\u00edveis desdobramentos\/problematiza\u00e7\u00f5es: direitos fundamentais, direitos sociais, direitos da cidadania, teoria e filosofia pol\u00edtica, teoria e filosofia do direito, sociologia jur\u00eddica, hist\u00f3ria, teoria e filosofia do Estado, teoria da democracia, hermen\u00eautica, processo e [&hellip;]<\/p>\n","protected":false},"author":8,"featured_media":2680,"comment_status":"open","ping_status":"open","sticky":false,"template":"","format":"standard","meta":{"_acf_changed":false,"footnotes":""},"categories":[1],"tags":[],"class_list":["post-2679","post","type-post","status-publish","format-standard","has-post-thumbnail","hentry","category-sem-categoria"],"acf":[],"_links":{"self":[{"href":"https:\/\/pos.uel.br\/ppgsoc\/wp-json\/wp\/v2\/posts\/2679","targetHints":{"allow":["GET"]}}],"collection":[{"href":"https:\/\/pos.uel.br\/ppgsoc\/wp-json\/wp\/v2\/posts"}],"about":[{"href":"https:\/\/pos.uel.br\/ppgsoc\/wp-json\/wp\/v2\/types\/post"}],"author":[{"embeddable":true,"href":"https:\/\/pos.uel.br\/ppgsoc\/wp-json\/wp\/v2\/users\/8"}],"replies":[{"embeddable":true,"href":"https:\/\/pos.uel.br\/ppgsoc\/wp-json\/wp\/v2\/comments?post=2679"}],"version-history":[{"count":1,"href":"https:\/\/pos.uel.br\/ppgsoc\/wp-json\/wp\/v2\/posts\/2679\/revisions"}],"predecessor-version":[{"id":2681,"href":"https:\/\/pos.uel.br\/ppgsoc\/wp-json\/wp\/v2\/posts\/2679\/revisions\/2681"}],"wp:featuredmedia":[{"embeddable":true,"href":"https:\/\/pos.uel.br\/ppgsoc\/wp-json\/wp\/v2\/media\/2680"}],"wp:attachment":[{"href":"https:\/\/pos.uel.br\/ppgsoc\/wp-json\/wp\/v2\/media?parent=2679"}],"wp:term":[{"taxonomy":"category","embeddable":true,"href":"https:\/\/pos.uel.br\/ppgsoc\/wp-json\/wp\/v2\/categories?post=2679"},{"taxonomy":"post_tag","embeddable":true,"href":"https:\/\/pos.uel.br\/ppgsoc\/wp-json\/wp\/v2\/tags?post=2679"}],"curies":[{"name":"wp","href":"https:\/\/api.w.org\/{rel}","templated":true}]}}