{"id":2655,"date":"2022-12-07T21:08:38","date_gmt":"2022-12-08T00:08:38","guid":{"rendered":"https:\/\/pos.uel.br\/ppgsoc\/?p=2655"},"modified":"2022-12-07T21:08:39","modified_gmt":"2022-12-08T00:08:39","slug":"nota-oficial-restricoes-orcamentarias-e-financeiras-impostasa-capes","status":"publish","type":"post","link":"https:\/\/pos.uel.br\/ppgsoc\/sem-categoria\/2022\/12\/07\/nota-oficial-restricoes-orcamentarias-e-financeiras-impostasa-capes\/","title":{"rendered":"Nota oficial: Restri\u00e7\u00f5es or\u00e7ament\u00e1rias e financeiras impostas<br>\u00e0 CAPES"},"content":{"rendered":"\n<p>A CAPES (Coordena\u00e7\u00e3o de Aperfei\u00e7oamento de Pessoal de N\u00edvel Superior) divulgou no dia 6 de dezembro uma nota oficial a respeito das restri\u00e7\u00f5es or\u00e7ament\u00e1rias e financeiras impostas pelo governo federal.<\/p>\n\n\n\n<p>A nota pode ser lida na \u00edntegra no <a href=\"https:\/\/www.gov.br\/capes\/pt-br\/assuntos\/noticias\/restricoes-orcamentarias-e-financeiras-impostas-a-capes\">site oficial<\/a>.<\/p>\n\n\n<div class=\"wp-block-image\">\n<figure class=\"aligncenter size-full is-resized\"><img loading=\"lazy\" decoding=\"async\" src=\"https:\/\/pos.uel.br\/ppgsoc\/wp-content\/uploads\/2022\/12\/Screenshot_20221207-210554_Instagram.jpg\" alt=\"\" class=\"wp-image-2659\" width=\"376\" height=\"394\" srcset=\"https:\/\/pos.uel.br\/ppgsoc\/wp-content\/uploads\/2022\/12\/Screenshot_20221207-210554_Instagram.jpg 693w, https:\/\/pos.uel.br\/ppgsoc\/wp-content\/uploads\/2022\/12\/Screenshot_20221207-210554_Instagram-286x300.jpg 286w\" sizes=\"auto, (max-width: 376px) 100vw, 376px\" \/><figcaption class=\"wp-element-caption\">Fonte: <em>Divulga\u00e7\u00e3o<\/em><\/figcaption><\/figure>\n<\/div>\n\n\n<figure class=\"wp-block-gallery has-nested-images columns-default is-cropped wp-block-gallery-1 is-layout-flex wp-block-gallery-is-layout-flex\"><\/figure>\n\n\n\n<p><\/p>\n","protected":false},"excerpt":{"rendered":"<p>A CAPES (Coordena\u00e7\u00e3o de Aperfei\u00e7oamento de Pessoal de N\u00edvel Superior) divulgou no dia 6 de dezembro uma nota oficial a respeito das restri\u00e7\u00f5es or\u00e7ament\u00e1rias e financeiras impostas pelo governo federal. A nota pode ser lida na \u00edntegra no site oficial.<\/p>\n","protected":false},"author":8,"featured_media":2656,"comment_status":"open","ping_status":"open","sticky":false,"template":"","format":"standard","meta":{"_acf_changed":false,"footnotes":""},"categories":[1],"tags":[],"class_list":["post-2655","post","type-post","status-publish","format-standard","has-post-thumbnail","hentry","category-sem-categoria"],"acf":[],"_links":{"self":[{"href":"https:\/\/pos.uel.br\/ppgsoc\/wp-json\/wp\/v2\/posts\/2655","targetHints":{"allow":["GET"]}}],"collection":[{"href":"https:\/\/pos.uel.br\/ppgsoc\/wp-json\/wp\/v2\/posts"}],"about":[{"href":"https:\/\/pos.uel.br\/ppgsoc\/wp-json\/wp\/v2\/types\/post"}],"author":[{"embeddable":true,"href":"https:\/\/pos.uel.br\/ppgsoc\/wp-json\/wp\/v2\/users\/8"}],"replies":[{"embeddable":true,"href":"https:\/\/pos.uel.br\/ppgsoc\/wp-json\/wp\/v2\/comments?post=2655"}],"version-history":[{"count":1,"href":"https:\/\/pos.uel.br\/ppgsoc\/wp-json\/wp\/v2\/posts\/2655\/revisions"}],"predecessor-version":[{"id":2660,"href":"https:\/\/pos.uel.br\/ppgsoc\/wp-json\/wp\/v2\/posts\/2655\/revisions\/2660"}],"wp:featuredmedia":[{"embeddable":true,"href":"https:\/\/pos.uel.br\/ppgsoc\/wp-json\/wp\/v2\/media\/2656"}],"wp:attachment":[{"href":"https:\/\/pos.uel.br\/ppgsoc\/wp-json\/wp\/v2\/media?parent=2655"}],"wp:term":[{"taxonomy":"category","embeddable":true,"href":"https:\/\/pos.uel.br\/ppgsoc\/wp-json\/wp\/v2\/categories?post=2655"},{"taxonomy":"post_tag","embeddable":true,"href":"https:\/\/pos.uel.br\/ppgsoc\/wp-json\/wp\/v2\/tags?post=2655"}],"curies":[{"name":"wp","href":"https:\/\/api.w.org\/{rel}","templated":true}]}}