{"id":2634,"date":"2022-11-28T09:54:27","date_gmt":"2022-11-28T12:54:27","guid":{"rendered":"https:\/\/pos.uel.br\/ppgsoc\/?p=2634"},"modified":"2022-11-28T09:54:27","modified_gmt":"2022-11-28T12:54:27","slug":"live-genero-raca-e-classe-nos-debates-sobre-violencia-e-seguranca-publica-segundas-feiras-na-anpocs","status":"publish","type":"post","link":"https:\/\/pos.uel.br\/ppgsoc\/sem-categoria\/2022\/11\/28\/live-genero-raca-e-classe-nos-debates-sobre-violencia-e-seguranca-publica-segundas-feiras-na-anpocs\/","title":{"rendered":"Live &#8220;G\u00eanero, ra\u00e7a e classe nos debates sobre viol\u00eancia e seguran\u00e7a p\u00fablica&#8221; &#8211; Segundas-feiras na ANPOCS"},"content":{"rendered":"\n<p>Ser\u00e1 realizada no dia 28 de novembro (segunda-feira), \u00e0s 10h, a Livre <strong>G\u00eanero, ra\u00e7a e classe nos debates sobre viol\u00eancia e seguran\u00e7a p\u00fablica<\/strong>. A atividade ter\u00e1 a participa\u00e7\u00e3o de Denice Santiago (Major da PM-BA e doutoranda PPGNEIM-UFBA) Ricardo Urquizes Campello (PPGAS\/Unicampe NEV\/USP) Renata Souza (Deputada estadual da ALERJ).<\/p>\n\n\n\n<p><\/p>\n\n\n<div class=\"wp-block-image\">\n<figure class=\"aligncenter size-full\"><img loading=\"lazy\" decoding=\"async\" width=\"552\" height=\"549\" src=\"https:\/\/pos.uel.br\/ppgsoc\/wp-content\/uploads\/2022\/11\/Captura-de-Tela-142.png\" alt=\"\" class=\"wp-image-2635\" srcset=\"https:\/\/pos.uel.br\/ppgsoc\/wp-content\/uploads\/2022\/11\/Captura-de-Tela-142.png 552w, https:\/\/pos.uel.br\/ppgsoc\/wp-content\/uploads\/2022\/11\/Captura-de-Tela-142-300x298.png 300w, https:\/\/pos.uel.br\/ppgsoc\/wp-content\/uploads\/2022\/11\/Captura-de-Tela-142-150x150.png 150w\" sizes=\"auto, (max-width: 552px) 100vw, 552px\" \/><figcaption class=\"wp-element-caption\"><em>Divulga\u00e7\u00e3o<\/em><\/figcaption><\/figure>\n<\/div>\n\n\n<p>A Live faz parte das atividades da \u00a0Associa\u00e7\u00e3o Nacional de P\u00f3s-Gradua\u00e7\u00e3o e Pesquisa em Ci\u00eancias Sociais (ANPOCS) e ser\u00e1 transmitida pelo canal da institui\u00e7\u00e3o no <a href=\"https:\/\/www.youtube.com\/watch?v=0IWjNjFa_G0\">YouTube<\/a>.<\/p>\n","protected":false},"excerpt":{"rendered":"<p>Ser\u00e1 realizada no dia 28 de novembro (segunda-feira), \u00e0s 10h, a Livre G\u00eanero, ra\u00e7a e classe nos debates sobre viol\u00eancia e seguran\u00e7a p\u00fablica. A atividade ter\u00e1 a participa\u00e7\u00e3o de Denice Santiago (Major da PM-BA e doutoranda PPGNEIM-UFBA) Ricardo Urquizes Campello (PPGAS\/Unicampe NEV\/USP) Renata Souza (Deputada estadual da ALERJ). A Live faz parte das atividades da [&hellip;]<\/p>\n","protected":false},"author":8,"featured_media":2635,"comment_status":"open","ping_status":"open","sticky":false,"template":"","format":"standard","meta":{"_acf_changed":false,"footnotes":""},"categories":[1],"tags":[],"class_list":["post-2634","post","type-post","status-publish","format-standard","has-post-thumbnail","hentry","category-sem-categoria"],"acf":[],"_links":{"self":[{"href":"https:\/\/pos.uel.br\/ppgsoc\/wp-json\/wp\/v2\/posts\/2634","targetHints":{"allow":["GET"]}}],"collection":[{"href":"https:\/\/pos.uel.br\/ppgsoc\/wp-json\/wp\/v2\/posts"}],"about":[{"href":"https:\/\/pos.uel.br\/ppgsoc\/wp-json\/wp\/v2\/types\/post"}],"author":[{"embeddable":true,"href":"https:\/\/pos.uel.br\/ppgsoc\/wp-json\/wp\/v2\/users\/8"}],"replies":[{"embeddable":true,"href":"https:\/\/pos.uel.br\/ppgsoc\/wp-json\/wp\/v2\/comments?post=2634"}],"version-history":[{"count":1,"href":"https:\/\/pos.uel.br\/ppgsoc\/wp-json\/wp\/v2\/posts\/2634\/revisions"}],"predecessor-version":[{"id":2636,"href":"https:\/\/pos.uel.br\/ppgsoc\/wp-json\/wp\/v2\/posts\/2634\/revisions\/2636"}],"wp:featuredmedia":[{"embeddable":true,"href":"https:\/\/pos.uel.br\/ppgsoc\/wp-json\/wp\/v2\/media\/2635"}],"wp:attachment":[{"href":"https:\/\/pos.uel.br\/ppgsoc\/wp-json\/wp\/v2\/media?parent=2634"}],"wp:term":[{"taxonomy":"category","embeddable":true,"href":"https:\/\/pos.uel.br\/ppgsoc\/wp-json\/wp\/v2\/categories?post=2634"},{"taxonomy":"post_tag","embeddable":true,"href":"https:\/\/pos.uel.br\/ppgsoc\/wp-json\/wp\/v2\/tags?post=2634"}],"curies":[{"name":"wp","href":"https:\/\/api.w.org\/{rel}","templated":true}]}}