{"id":2612,"date":"2022-11-08T13:51:42","date_gmt":"2022-11-08T16:51:42","guid":{"rendered":"https:\/\/pos.uel.br\/ppgsoc\/?p=2612"},"modified":"2022-11-08T13:51:43","modified_gmt":"2022-11-08T16:51:43","slug":"abertas-as-inscricoes-para-o-seminario-da-violencia-de-genero-ao-feminicidio-prevencao-punicao-e-restituicao-dos-direitos-pelo-fim-da-violencia-contra-mulheres-e-meninas","status":"publish","type":"post","link":"https:\/\/pos.uel.br\/ppgsoc\/sem-categoria\/2022\/11\/08\/abertas-as-inscricoes-para-o-seminario-da-violencia-de-genero-ao-feminicidio-prevencao-punicao-e-restituicao-dos-direitos-pelo-fim-da-violencia-contra-mulheres-e-meninas\/","title":{"rendered":"Abertas as inscri\u00e7\u00f5es para o Semin\u00e1rio &#8220;Da viol\u00eancia de g\u00eanero ao feminic\u00eddio: preven\u00e7\u00e3o, puni\u00e7\u00e3o e restitui\u00e7\u00e3o dos direitos pelo fim da viol\u00eancia contra mulheres e meninas&#8221;"},"content":{"rendered":"\n<p>Est\u00e3o abertas as inscri\u00e7\u00f5es para o Semin\u00e1rio <strong>Da viol\u00eancia de g\u00eanero ao feminic\u00eddio: preven\u00e7\u00e3o, puni\u00e7\u00e3o e restitui\u00e7\u00e3o dos direitos pelo fim da viol\u00eancia contra mulheres e meninas<\/strong>, a ser realizado na Universidade Estadual de Londrina em alus\u00e3o ao Dia Internacional pela Elimina\u00e7\u00e3o da Viol\u00eancia contra a Mulher, celebrado em 25 de novembro.<\/p>\n\n\n<div class=\"wp-block-image\">\n<figure class=\"aligncenter size-full is-resized\"><img loading=\"lazy\" decoding=\"async\" src=\"https:\/\/pos.uel.br\/ppgsoc\/wp-content\/uploads\/2022\/11\/WhatsApp-Image-2022-11-08-at-10.55.41-2.jpeg\" alt=\"\" class=\"wp-image-2613\" width=\"292\" height=\"413\" srcset=\"https:\/\/pos.uel.br\/ppgsoc\/wp-content\/uploads\/2022\/11\/WhatsApp-Image-2022-11-08-at-10.55.41-2.jpeg 585w, https:\/\/pos.uel.br\/ppgsoc\/wp-content\/uploads\/2022\/11\/WhatsApp-Image-2022-11-08-at-10.55.41-2-212x300.jpeg 212w\" sizes=\"auto, (max-width: 292px) 100vw, 292px\" \/><figcaption class=\"wp-element-caption\"><em>Fonte: Divulga\u00e7\u00e3o<\/em><\/figcaption><\/figure>\n<\/div>\n\n\n<p><br>O evento ser\u00e1 realizado nos dias 23 e 24 de novembro, no CLCH\/UEL, com certifica\u00e7\u00e3o de 20 horas, mediante pagamento da taxa de inscri\u00e7\u00e3o no valor de R$ 40,00. As inscri\u00e7\u00f5es podem ser realizadas neste <a href=\"http:\/\/www.uel.br\/eventos\/sigec\/?id=7801\">link<\/a>.<br><br><\/p>\n","protected":false},"excerpt":{"rendered":"<p>Est\u00e3o abertas as inscri\u00e7\u00f5es para o Semin\u00e1rio Da viol\u00eancia de g\u00eanero ao feminic\u00eddio: preven\u00e7\u00e3o, puni\u00e7\u00e3o e restitui\u00e7\u00e3o dos direitos pelo fim da viol\u00eancia contra mulheres e meninas, a ser realizado na Universidade Estadual de Londrina em alus\u00e3o ao Dia Internacional pela Elimina\u00e7\u00e3o da Viol\u00eancia contra a Mulher, celebrado em 25 de novembro. O evento ser\u00e1 [&hellip;]<\/p>\n","protected":false},"author":8,"featured_media":2613,"comment_status":"open","ping_status":"open","sticky":false,"template":"","format":"standard","meta":{"_acf_changed":false,"footnotes":""},"categories":[1],"tags":[],"class_list":["post-2612","post","type-post","status-publish","format-standard","has-post-thumbnail","hentry","category-sem-categoria"],"acf":[],"_links":{"self":[{"href":"https:\/\/pos.uel.br\/ppgsoc\/wp-json\/wp\/v2\/posts\/2612","targetHints":{"allow":["GET"]}}],"collection":[{"href":"https:\/\/pos.uel.br\/ppgsoc\/wp-json\/wp\/v2\/posts"}],"about":[{"href":"https:\/\/pos.uel.br\/ppgsoc\/wp-json\/wp\/v2\/types\/post"}],"author":[{"embeddable":true,"href":"https:\/\/pos.uel.br\/ppgsoc\/wp-json\/wp\/v2\/users\/8"}],"replies":[{"embeddable":true,"href":"https:\/\/pos.uel.br\/ppgsoc\/wp-json\/wp\/v2\/comments?post=2612"}],"version-history":[{"count":1,"href":"https:\/\/pos.uel.br\/ppgsoc\/wp-json\/wp\/v2\/posts\/2612\/revisions"}],"predecessor-version":[{"id":2614,"href":"https:\/\/pos.uel.br\/ppgsoc\/wp-json\/wp\/v2\/posts\/2612\/revisions\/2614"}],"wp:featuredmedia":[{"embeddable":true,"href":"https:\/\/pos.uel.br\/ppgsoc\/wp-json\/wp\/v2\/media\/2613"}],"wp:attachment":[{"href":"https:\/\/pos.uel.br\/ppgsoc\/wp-json\/wp\/v2\/media?parent=2612"}],"wp:term":[{"taxonomy":"category","embeddable":true,"href":"https:\/\/pos.uel.br\/ppgsoc\/wp-json\/wp\/v2\/categories?post=2612"},{"taxonomy":"post_tag","embeddable":true,"href":"https:\/\/pos.uel.br\/ppgsoc\/wp-json\/wp\/v2\/tags?post=2612"}],"curies":[{"name":"wp","href":"https:\/\/api.w.org\/{rel}","templated":true}]}}