{"id":2607,"date":"2022-11-03T09:33:56","date_gmt":"2022-11-03T12:33:56","guid":{"rendered":"https:\/\/pos.uel.br\/ppgsoc\/?p=2607"},"modified":"2022-11-03T09:35:43","modified_gmt":"2022-11-03T12:35:43","slug":"lancamento-de-livro-o-mundo-do-avesso-de-leticia-cesarino","status":"publish","type":"post","link":"https:\/\/pos.uel.br\/ppgsoc\/sem-categoria\/2022\/11\/03\/lancamento-de-livro-o-mundo-do-avesso-de-leticia-cesarino\/","title":{"rendered":"Lan\u00e7amento de livro: \u201cO mundo do avesso: verdade e pol\u00edtica na Era Digital\u201d"},"content":{"rendered":"\n<p>A antrop\u00f3loga Let\u00edcia Cesarino est\u00e1 lan\u00e7ando seu mais novo livro intitulado \u201cO mundo do avesso: verdade e pol\u00edtica na era digital\u201d. A obra aborda a internet enquanto arena pol\u00edtica, trazendo temas como populismo, p\u00f3s-verdade, negacionismos e conspiracionismos. A linha te\u00f3rica adotada vai al\u00e9m das causas econ\u00f4micas e estruturais.<\/p>\n\n\n\n<p>Um dos eventos de lan\u00e7amento ser\u00e1 realizado no VIII Semin\u00e1rio Discente do Programa de P\u00f3s-Gradua\u00e7\u00e3o em Sociologia da Universidade de S\u00e3o Paulo. No pr\u00f3ximo dia 11, a partir das 18h, no audit\u00f3rio 14 do Pr\u00e9dio de Filosofia e Ci\u00eancias Sociais da FFLCH\/USP, os exemplares estar\u00e3o dispon\u00edveis ao p\u00fablico.&nbsp;<\/p>\n\n\n\n<p>Professora da Universidade Federal de Santa Catarina, Let\u00edcia Cesarino \u00e9 uma das convidadas para a mesa de encerramento do Semin\u00e1rio Discente, intitulada \u201cDemocracia Hoje\u201d. Tamb\u00e9m comp\u00f5em a mesa Cristiano Rodrigues (UFMG), Case Angatu (UESC \/ PPGER-UFSB \/ Terra Ind\u00edgena Tupinamb\u00e1 Oliven\u00e7a), Milit\u00e3o e Regina (MNU). J\u00e1 a media\u00e7\u00e3o ser\u00e1 da soci\u00f3loga, professora e vice-reitora da USP, Maria Arminda Arruda.<\/p>\n\n\n<div class=\"wp-block-image\">\n<figure class=\"aligncenter size-full is-resized\"><img loading=\"lazy\" decoding=\"async\" src=\"https:\/\/pos.uel.br\/ppgsoc\/wp-content\/uploads\/2022\/11\/51urhYPc2JL._SX332_BO1204203200_.jpg\" alt=\"\" class=\"wp-image-2608\" width=\"251\" height=\"375\" srcset=\"https:\/\/pos.uel.br\/ppgsoc\/wp-content\/uploads\/2022\/11\/51urhYPc2JL._SX332_BO1204203200_.jpg 334w, https:\/\/pos.uel.br\/ppgsoc\/wp-content\/uploads\/2022\/11\/51urhYPc2JL._SX332_BO1204203200_-201x300.jpg 201w\" sizes=\"auto, (max-width: 251px) 100vw, 251px\" \/><figcaption class=\"wp-element-caption\"><em>Fonte: Divulga\u00e7\u00e3o<\/em><\/figcaption><\/figure>\n<\/div>\n\n\n<p><strong>SOBRE O LIVRO<\/strong><\/p>\n\n\n\n<p>Com uma nova leitura da cibern\u00e9tica de Bateson, a autora estuda os fen\u00f4menos em sua dimens\u00e3o t\u00e9cnica, como um sistema que funciona por din\u00e2micas de estabiliza\u00e7\u00e3o, crises, invers\u00f5es, polariza\u00e7\u00f5es e novas reorganiza\u00e7\u00f5es, demonstrando a complexidade por tr\u00e1s da recente digitaliza\u00e7\u00e3o da pol\u00edtica e da verdade.<\/p>\n\n\n\n<p>T\u00edtulo: O mundo do avesso<\/p>\n\n\n\n<p>Subt\u00edtulo: Verdade e pol\u00edtica na era digital<\/p>\n\n\n\n<p>Autora: Cesarino, Let\u00edcia<\/p>\n\n\n\n<p>ISBN-13: 978-85-7126-088-7<\/p>\n\n\n\n<p>Pre\u00e7o: R$ 72,00<\/p>\n\n\n\n<p>Data de publica\u00e7\u00e3o: 24\/10\/2022<\/p>\n\n\n\n<p>Livro brochura, 304 p\u00e1ginas&nbsp; &#8211; A 21 cm \/ L 14 cm \/ P 2,4 cm \/ 680 g<\/p>\n\n\n\n<p>Cole\u00e7\u00e3o Exit, volume 13&nbsp;<\/p>\n","protected":false},"excerpt":{"rendered":"<p>A antrop\u00f3loga Let\u00edcia Cesarino est\u00e1 lan\u00e7ando seu mais novo livro intitulado \u201cO mundo do avesso: verdade e pol\u00edtica na era digital\u201d. A obra aborda a internet enquanto arena pol\u00edtica, trazendo temas como populismo, p\u00f3s-verdade, negacionismos e conspiracionismos. A linha te\u00f3rica adotada vai al\u00e9m das causas econ\u00f4micas e estruturais. Um dos eventos de lan\u00e7amento ser\u00e1 realizado [&hellip;]<\/p>\n","protected":false},"author":8,"featured_media":2608,"comment_status":"open","ping_status":"open","sticky":false,"template":"","format":"standard","meta":{"_acf_changed":false,"footnotes":""},"categories":[1],"tags":[],"class_list":["post-2607","post","type-post","status-publish","format-standard","has-post-thumbnail","hentry","category-sem-categoria"],"acf":[],"_links":{"self":[{"href":"https:\/\/pos.uel.br\/ppgsoc\/wp-json\/wp\/v2\/posts\/2607","targetHints":{"allow":["GET"]}}],"collection":[{"href":"https:\/\/pos.uel.br\/ppgsoc\/wp-json\/wp\/v2\/posts"}],"about":[{"href":"https:\/\/pos.uel.br\/ppgsoc\/wp-json\/wp\/v2\/types\/post"}],"author":[{"embeddable":true,"href":"https:\/\/pos.uel.br\/ppgsoc\/wp-json\/wp\/v2\/users\/8"}],"replies":[{"embeddable":true,"href":"https:\/\/pos.uel.br\/ppgsoc\/wp-json\/wp\/v2\/comments?post=2607"}],"version-history":[{"count":3,"href":"https:\/\/pos.uel.br\/ppgsoc\/wp-json\/wp\/v2\/posts\/2607\/revisions"}],"predecessor-version":[{"id":2611,"href":"https:\/\/pos.uel.br\/ppgsoc\/wp-json\/wp\/v2\/posts\/2607\/revisions\/2611"}],"wp:featuredmedia":[{"embeddable":true,"href":"https:\/\/pos.uel.br\/ppgsoc\/wp-json\/wp\/v2\/media\/2608"}],"wp:attachment":[{"href":"https:\/\/pos.uel.br\/ppgsoc\/wp-json\/wp\/v2\/media?parent=2607"}],"wp:term":[{"taxonomy":"category","embeddable":true,"href":"https:\/\/pos.uel.br\/ppgsoc\/wp-json\/wp\/v2\/categories?post=2607"},{"taxonomy":"post_tag","embeddable":true,"href":"https:\/\/pos.uel.br\/ppgsoc\/wp-json\/wp\/v2\/tags?post=2607"}],"curies":[{"name":"wp","href":"https:\/\/api.w.org\/{rel}","templated":true}]}}