{"id":2577,"date":"2022-09-28T15:46:48","date_gmt":"2022-09-28T18:46:48","guid":{"rendered":"https:\/\/pos.uel.br\/ppgsoc\/?p=2577"},"modified":"2022-09-28T15:46:49","modified_gmt":"2022-09-28T18:46:49","slug":"ix-sarau-de-ciencias-sociais","status":"publish","type":"post","link":"https:\/\/pos.uel.br\/ppgsoc\/sem-categoria\/2022\/09\/28\/ix-sarau-de-ciencias-sociais\/","title":{"rendered":"IX Sarau de Ci\u00eancias Sociais"},"content":{"rendered":"\n<figure class=\"wp-block-image size-full\"><img decoding=\"async\" src=\"https:\/\/pos.uel.br\/ppgsoc\/wp-content\/uploads\/2022\/09\/Captura-de-Tela-2022-09-28-a\u0300s-3.09.22-PM.png\" alt=\"\" class=\"wp-image-2578\"\/><\/figure>\n\n\n\n<p>Evento realizado pelo projeto de extens\u00e3o Praxis Itinerante da Universidade Estadual de Londrina. O evento contar\u00e1 com a apresenta\u00e7\u00e3o de alunos em diversas modalidades. <\/p>\n\n\n\n<p>Local: Bar Valentino <br>Data: 28.09<br>Hor\u00e1rio: 19h30<br>Valor: R$ 10 (discentes de Ci\u00eancias Sociais n\u00e3o pagam)<\/p>\n\n\n\n<p><\/p>\n\n\n\n<p>Apresenta\u00e7\u00f5es:<\/p>\n\n\n\n<p><\/p>\n\n\n\n<figure class=\"wp-block-image size-full\"><img decoding=\"async\" src=\"https:\/\/pos.uel.br\/ppgsoc\/wp-content\/uploads\/2022\/09\/Captura-de-Tela-2022-09-28-a\u0300s-3.44.49-PM.png\" alt=\"\" class=\"wp-image-2579\"\/><\/figure>\n","protected":false},"excerpt":{"rendered":"<p>Evento realizado pelo projeto de extens\u00e3o Praxis Itinerante da Universidade Estadual de Londrina. O evento contar\u00e1 com a apresenta\u00e7\u00e3o de alunos em diversas modalidades. Local: Bar Valentino Data: 28.09Hor\u00e1rio: 19h30Valor: R$ 10 (discentes de Ci\u00eancias Sociais n\u00e3o pagam) Apresenta\u00e7\u00f5es:<\/p>\n","protected":false},"author":8,"featured_media":2579,"comment_status":"open","ping_status":"open","sticky":false,"template":"","format":"standard","meta":{"_acf_changed":false,"footnotes":""},"categories":[1],"tags":[],"class_list":["post-2577","post","type-post","status-publish","format-standard","has-post-thumbnail","hentry","category-sem-categoria"],"acf":[],"_links":{"self":[{"href":"https:\/\/pos.uel.br\/ppgsoc\/wp-json\/wp\/v2\/posts\/2577","targetHints":{"allow":["GET"]}}],"collection":[{"href":"https:\/\/pos.uel.br\/ppgsoc\/wp-json\/wp\/v2\/posts"}],"about":[{"href":"https:\/\/pos.uel.br\/ppgsoc\/wp-json\/wp\/v2\/types\/post"}],"author":[{"embeddable":true,"href":"https:\/\/pos.uel.br\/ppgsoc\/wp-json\/wp\/v2\/users\/8"}],"replies":[{"embeddable":true,"href":"https:\/\/pos.uel.br\/ppgsoc\/wp-json\/wp\/v2\/comments?post=2577"}],"version-history":[{"count":1,"href":"https:\/\/pos.uel.br\/ppgsoc\/wp-json\/wp\/v2\/posts\/2577\/revisions"}],"predecessor-version":[{"id":2580,"href":"https:\/\/pos.uel.br\/ppgsoc\/wp-json\/wp\/v2\/posts\/2577\/revisions\/2580"}],"wp:featuredmedia":[{"embeddable":true,"href":"https:\/\/pos.uel.br\/ppgsoc\/wp-json\/wp\/v2\/media\/2579"}],"wp:attachment":[{"href":"https:\/\/pos.uel.br\/ppgsoc\/wp-json\/wp\/v2\/media?parent=2577"}],"wp:term":[{"taxonomy":"category","embeddable":true,"href":"https:\/\/pos.uel.br\/ppgsoc\/wp-json\/wp\/v2\/categories?post=2577"},{"taxonomy":"post_tag","embeddable":true,"href":"https:\/\/pos.uel.br\/ppgsoc\/wp-json\/wp\/v2\/tags?post=2577"}],"curies":[{"name":"wp","href":"https:\/\/api.w.org\/{rel}","templated":true}]}}