{"id":2574,"date":"2022-09-21T16:57:00","date_gmt":"2022-09-21T19:57:00","guid":{"rendered":"https:\/\/pos.uel.br\/ppgsoc\/?p=2574"},"modified":"2022-09-21T16:59:26","modified_gmt":"2022-09-21T19:59:26","slug":"mesa-redonda-avancos-e-retrocessos-da-descriminalizacao-e-legalizacao-do-aborto-no-brasil","status":"publish","type":"post","link":"https:\/\/pos.uel.br\/ppgsoc\/sem-categoria\/2022\/09\/21\/mesa-redonda-avancos-e-retrocessos-da-descriminalizacao-e-legalizacao-do-aborto-no-brasil\/","title":{"rendered":"Mesa redonda: Avan\u00e7os e retrocessos da descriminaliza\u00e7\u00e3o e legaliza\u00e7\u00e3o do aborto no Brasil"},"content":{"rendered":"\n<p>Ser\u00e1 realizada no dia 27 de setembro de 2022, \u00e0s 19h, a mesa redonda <strong>Avan\u00e7os e retrocessos da descriminaliza\u00e7\u00e3o e legaliza\u00e7\u00e3o do aborto no Brasil<\/strong>. O local do evento ser\u00e1 o Anfiteatro Maior do Centro de Letras e Ci\u00eancias Humanas da Universidade Estadual de Londrina.<\/p>\n\n\n\n<p>A mesa redonda \u00e9 uma atividade alusiva ao Dia de Luta pela Descriminaliza\u00e7\u00e3o e Legaliza\u00e7\u00e3o do Aborto na Am\u00e9rica Latina e Caribe, celebrado em 28 de setembro desde o ano de 1990. A data visa promover o debate sobre o tema, visto que a criminaliza\u00e7\u00e3o do aborto e as barreiras para o acesso a atendimento adequado resultam em altos \u00edndices de mortalidade materna e produz injusti\u00e7as sociais.<\/p>\n\n\n\n<p>Com o evento, objetiva-se contribuir com a discuss\u00e3o a respeito da descriminaliza\u00e7\u00e3o e da legaliza\u00e7\u00e3o do aborto no Brasil a partir de diferentes abordagens e \u00e1reas de conhecimento, com \u00eanfase em suas implica\u00e7\u00f5es no campo do direito, da sa\u00fade, da pol\u00edtica e da justi\u00e7a social.<\/p>\n\n\n<div class=\"wp-block-image\">\n<figure class=\"aligncenter size-large is-resized\"><img loading=\"lazy\" decoding=\"async\" src=\"https:\/\/pos.uel.br\/ppgsoc\/wp-content\/uploads\/2022\/09\/WhatsApp-Image-2022-09-21-at-09.33.21-576x1024.jpeg\" alt=\"\" class=\"wp-image-2575\" width=\"248\" height=\"440\" srcset=\"https:\/\/pos.uel.br\/ppgsoc\/wp-content\/uploads\/2022\/09\/WhatsApp-Image-2022-09-21-at-09.33.21-576x1024.jpeg 576w, https:\/\/pos.uel.br\/ppgsoc\/wp-content\/uploads\/2022\/09\/WhatsApp-Image-2022-09-21-at-09.33.21-169x300.jpeg 169w, https:\/\/pos.uel.br\/ppgsoc\/wp-content\/uploads\/2022\/09\/WhatsApp-Image-2022-09-21-at-09.33.21.jpeg 720w\" sizes=\"auto, (max-width: 248px) 100vw, 248px\" \/><figcaption><em>Fonte: Divulga\u00e7\u00e3o<\/em><\/figcaption><\/figure>\n<\/div>\n\n\n<p>Podem participar da atividade as e os estudantes de gradua\u00e7\u00e3o e p\u00f3s-gradua\u00e7\u00e3o da Universidade Estadual de Londrina e demais pessoas da comunidade interna e externa interessadas no tema.<\/p>\n","protected":false},"excerpt":{"rendered":"<p>Ser\u00e1 realizada no dia 27 de setembro de 2022, \u00e0s 19h, a mesa redonda Avan\u00e7os e retrocessos da descriminaliza\u00e7\u00e3o e legaliza\u00e7\u00e3o do aborto no Brasil. O local do evento ser\u00e1 o Anfiteatro Maior do Centro de Letras e Ci\u00eancias Humanas da Universidade Estadual de Londrina. A mesa redonda \u00e9 uma atividade alusiva ao Dia de [&hellip;]<\/p>\n","protected":false},"author":8,"featured_media":2575,"comment_status":"open","ping_status":"open","sticky":false,"template":"","format":"standard","meta":{"_acf_changed":false,"footnotes":""},"categories":[1],"tags":[],"class_list":["post-2574","post","type-post","status-publish","format-standard","has-post-thumbnail","hentry","category-sem-categoria"],"acf":[],"_links":{"self":[{"href":"https:\/\/pos.uel.br\/ppgsoc\/wp-json\/wp\/v2\/posts\/2574","targetHints":{"allow":["GET"]}}],"collection":[{"href":"https:\/\/pos.uel.br\/ppgsoc\/wp-json\/wp\/v2\/posts"}],"about":[{"href":"https:\/\/pos.uel.br\/ppgsoc\/wp-json\/wp\/v2\/types\/post"}],"author":[{"embeddable":true,"href":"https:\/\/pos.uel.br\/ppgsoc\/wp-json\/wp\/v2\/users\/8"}],"replies":[{"embeddable":true,"href":"https:\/\/pos.uel.br\/ppgsoc\/wp-json\/wp\/v2\/comments?post=2574"}],"version-history":[{"count":1,"href":"https:\/\/pos.uel.br\/ppgsoc\/wp-json\/wp\/v2\/posts\/2574\/revisions"}],"predecessor-version":[{"id":2576,"href":"https:\/\/pos.uel.br\/ppgsoc\/wp-json\/wp\/v2\/posts\/2574\/revisions\/2576"}],"wp:featuredmedia":[{"embeddable":true,"href":"https:\/\/pos.uel.br\/ppgsoc\/wp-json\/wp\/v2\/media\/2575"}],"wp:attachment":[{"href":"https:\/\/pos.uel.br\/ppgsoc\/wp-json\/wp\/v2\/media?parent=2574"}],"wp:term":[{"taxonomy":"category","embeddable":true,"href":"https:\/\/pos.uel.br\/ppgsoc\/wp-json\/wp\/v2\/categories?post=2574"},{"taxonomy":"post_tag","embeddable":true,"href":"https:\/\/pos.uel.br\/ppgsoc\/wp-json\/wp\/v2\/tags?post=2574"}],"curies":[{"name":"wp","href":"https:\/\/api.w.org\/{rel}","templated":true}]}}