{"id":2571,"date":"2022-09-21T14:27:13","date_gmt":"2022-09-21T17:27:13","guid":{"rendered":"https:\/\/pos.uel.br\/ppgsoc\/?p=2571"},"modified":"2022-09-21T14:27:13","modified_gmt":"2022-09-21T17:27:13","slug":"aula-aberta-a-nova-ordem-mundial-a-crise-a-peste-e-a-guerra","status":"publish","type":"post","link":"https:\/\/pos.uel.br\/ppgsoc\/sem-categoria\/2022\/09\/21\/aula-aberta-a-nova-ordem-mundial-a-crise-a-peste-e-a-guerra\/","title":{"rendered":"Aula aberta: A Nova Ordem Mundial: a crise, a peste e a guerra"},"content":{"rendered":"\n<figure class=\"wp-block-image size-large\"><img decoding=\"async\" src=\"https:\/\/pos.uel.br\/ppgsoc\/wp-content\/uploads\/2022\/09\/anom_22-1024x336.jpeg\" alt=\"\" class=\"wp-image-2572\"\/><\/figure>\n\n\n\n<p>A aula aberta &#8220;A Nova Ordem Mundial: a crise, a peste e a guerra&#8221; ser\u00e1 ministrada pelo prof. Pedro Costa Junior, doutorando em Ci\u00eancia Pol\u00edtica na USP. <\/p>\n\n\n\n<p> A aula ser\u00e1 transmitida no canal do YouTube do Instituto Racionalidades no dia 22 de setembro, \u00e0s 19h.<\/p>\n\n\n\n<p>Inscri\u00e7\u00f5es gratuitas, <a href=\"https:\/\/t.rdsv1.net\/ls\/click?upn=-2FY3XnioVyDQ4NV3E73TibPo7nrtLKc7pu-2BxHn-2FPk5lxfzr7rTjQjo6Jo0ZJUTY-2BDvK-2FnD7pCowFiQZkYP0vtvrtqXuoO8Tcrb9QJsoDO-2B52e1rEQkscHv3OWfRPG75OkU2CxMJWr8OwfgPyutIoMTJhANxR9K7J5FTA-2BLUiglx8ubFy4Hzx2hJ4CVDHZc4SJvCiUlmsGenCoXC9ZgdmHmYXHr7qDv6C15K4f7yKS1kdX0CdaElcDyGPdYscfq5SKnlFwAItZrx4sCi3LxpcixA-3D-3DlRlP_iW8zc4KBvTUX2z9kws1M6ic6Sf9vSO2DMPhf0WNNFf0b6LVAzf4Ju2DsJabLzCK4tMgEvu8n2NGY6t1d3clgVV-2FTKUBxCDvnbUOsgKcwVoIgHFB6CrkW3ihZcmuMt4rXRbxW8qWAP36Zy17UTjG6-2FyxamXN7trMR1dSLV73J4ddW-2B7q4mr4p7w4iwBnlHRMfVDcOuafZMK-2FQGL6mfzklZRQPfiRqfxbUH9ab8nvkpdGL9UStAsoi4rqXdIlQmo3p4rT1qdSdYDSvpgnfl-2FIz6AF6lLmld-2BTcti3uNcwIjXxd1dXlO8Z-2BDrS-2FSLaVZqbJ\">aqui<\/a>. <\/p>\n","protected":false},"excerpt":{"rendered":"<p>A aula aberta &#8220;A Nova Ordem Mundial: a crise, a peste e a guerra&#8221; ser\u00e1 ministrada pelo prof. Pedro Costa Junior, doutorando em Ci\u00eancia Pol\u00edtica na USP. A aula ser\u00e1 transmitida no canal do YouTube do Instituto Racionalidades no dia 22 de setembro, \u00e0s 19h. Inscri\u00e7\u00f5es gratuitas, aqui.<\/p>\n","protected":false},"author":8,"featured_media":2572,"comment_status":"open","ping_status":"open","sticky":false,"template":"","format":"standard","meta":{"_acf_changed":false,"footnotes":""},"categories":[1],"tags":[],"class_list":["post-2571","post","type-post","status-publish","format-standard","has-post-thumbnail","hentry","category-sem-categoria"],"acf":[],"_links":{"self":[{"href":"https:\/\/pos.uel.br\/ppgsoc\/wp-json\/wp\/v2\/posts\/2571","targetHints":{"allow":["GET"]}}],"collection":[{"href":"https:\/\/pos.uel.br\/ppgsoc\/wp-json\/wp\/v2\/posts"}],"about":[{"href":"https:\/\/pos.uel.br\/ppgsoc\/wp-json\/wp\/v2\/types\/post"}],"author":[{"embeddable":true,"href":"https:\/\/pos.uel.br\/ppgsoc\/wp-json\/wp\/v2\/users\/8"}],"replies":[{"embeddable":true,"href":"https:\/\/pos.uel.br\/ppgsoc\/wp-json\/wp\/v2\/comments?post=2571"}],"version-history":[{"count":1,"href":"https:\/\/pos.uel.br\/ppgsoc\/wp-json\/wp\/v2\/posts\/2571\/revisions"}],"predecessor-version":[{"id":2573,"href":"https:\/\/pos.uel.br\/ppgsoc\/wp-json\/wp\/v2\/posts\/2571\/revisions\/2573"}],"wp:featuredmedia":[{"embeddable":true,"href":"https:\/\/pos.uel.br\/ppgsoc\/wp-json\/wp\/v2\/media\/2572"}],"wp:attachment":[{"href":"https:\/\/pos.uel.br\/ppgsoc\/wp-json\/wp\/v2\/media?parent=2571"}],"wp:term":[{"taxonomy":"category","embeddable":true,"href":"https:\/\/pos.uel.br\/ppgsoc\/wp-json\/wp\/v2\/categories?post=2571"},{"taxonomy":"post_tag","embeddable":true,"href":"https:\/\/pos.uel.br\/ppgsoc\/wp-json\/wp\/v2\/tags?post=2571"}],"curies":[{"name":"wp","href":"https:\/\/api.w.org\/{rel}","templated":true}]}}