{"id":2545,"date":"2022-08-19T16:41:17","date_gmt":"2022-08-19T19:41:17","guid":{"rendered":"https:\/\/pos.uel.br\/ppgsoc\/?p=2545"},"modified":"2022-08-19T16:41:17","modified_gmt":"2022-08-19T19:41:17","slug":"conferencia-internacional-democracia-e-acoes-golpistas-no-brasil","status":"publish","type":"post","link":"https:\/\/pos.uel.br\/ppgsoc\/sem-categoria\/2022\/08\/19\/conferencia-internacional-democracia-e-acoes-golpistas-no-brasil\/","title":{"rendered":"Confer\u00eancia Internacional &#8220;Democracia e a\u00e7\u00f5es golpistas no Brasil&#8221;"},"content":{"rendered":"\n<p>Ser\u00e1 realizada no dia 26 de agosto (sexta-feira), \u00e0s 19h30, a Confer\u00eancia Internacional &#8220;Democracia e a\u00e7\u00f5es golpistas no Brasil&#8221;. O convidado \u00e9 o historiados especializado em estudos latino-americanos e ativista dos direitos LGBTQIA+ James N. Green.<\/p>\n\n\n<div class=\"wp-block-image\">\n<figure class=\"aligncenter size-large is-resized\"><img loading=\"lazy\" decoding=\"async\" src=\"https:\/\/pos.uel.br\/ppgsoc\/wp-content\/uploads\/2022\/08\/IMG_20220817_184733_508-1024x1024.jpg\" alt=\"\" class=\"wp-image-2546\" width=\"353\" height=\"353\" srcset=\"https:\/\/pos.uel.br\/ppgsoc\/wp-content\/uploads\/2022\/08\/IMG_20220817_184733_508-1024x1024.jpg 1024w, https:\/\/pos.uel.br\/ppgsoc\/wp-content\/uploads\/2022\/08\/IMG_20220817_184733_508-300x300.jpg 300w, https:\/\/pos.uel.br\/ppgsoc\/wp-content\/uploads\/2022\/08\/IMG_20220817_184733_508-150x150.jpg 150w, https:\/\/pos.uel.br\/ppgsoc\/wp-content\/uploads\/2022\/08\/IMG_20220817_184733_508-768x768.jpg 768w, https:\/\/pos.uel.br\/ppgsoc\/wp-content\/uploads\/2022\/08\/IMG_20220817_184733_508.jpg 1080w\" sizes=\"auto, (max-width: 353px) 100vw, 353px\" \/><figcaption><em>Divulga\u00e7\u00e3o<\/em><\/figcaption><\/figure>\n<\/div>\n\n\n<p>O evento ser\u00e1 realizado no Anfiteatro maior do CLCH, na Universidade Estadual de Londrina, com transmiss\u00e3o ao vivo pelo canal do YouTube do <a href=\"https:\/\/www.youtube.com\/channel\/UCKFnNTCNMqTG_xxoCuqJxsA\">Pr\u00e1xis Itinerante<\/a>.<\/p>\n","protected":false},"excerpt":{"rendered":"<p>Ser\u00e1 realizada no dia 26 de agosto (sexta-feira), \u00e0s 19h30, a Confer\u00eancia Internacional &#8220;Democracia e a\u00e7\u00f5es golpistas no Brasil&#8221;. O convidado \u00e9 o historiados especializado em estudos latino-americanos e ativista dos direitos LGBTQIA+ James N. Green. O evento ser\u00e1 realizado no Anfiteatro maior do CLCH, na Universidade Estadual de Londrina, com transmiss\u00e3o ao vivo pelo [&hellip;]<\/p>\n","protected":false},"author":8,"featured_media":2546,"comment_status":"open","ping_status":"open","sticky":false,"template":"","format":"standard","meta":{"_acf_changed":false,"footnotes":""},"categories":[1],"tags":[],"class_list":["post-2545","post","type-post","status-publish","format-standard","has-post-thumbnail","hentry","category-sem-categoria"],"acf":[],"_links":{"self":[{"href":"https:\/\/pos.uel.br\/ppgsoc\/wp-json\/wp\/v2\/posts\/2545","targetHints":{"allow":["GET"]}}],"collection":[{"href":"https:\/\/pos.uel.br\/ppgsoc\/wp-json\/wp\/v2\/posts"}],"about":[{"href":"https:\/\/pos.uel.br\/ppgsoc\/wp-json\/wp\/v2\/types\/post"}],"author":[{"embeddable":true,"href":"https:\/\/pos.uel.br\/ppgsoc\/wp-json\/wp\/v2\/users\/8"}],"replies":[{"embeddable":true,"href":"https:\/\/pos.uel.br\/ppgsoc\/wp-json\/wp\/v2\/comments?post=2545"}],"version-history":[{"count":1,"href":"https:\/\/pos.uel.br\/ppgsoc\/wp-json\/wp\/v2\/posts\/2545\/revisions"}],"predecessor-version":[{"id":2548,"href":"https:\/\/pos.uel.br\/ppgsoc\/wp-json\/wp\/v2\/posts\/2545\/revisions\/2548"}],"wp:featuredmedia":[{"embeddable":true,"href":"https:\/\/pos.uel.br\/ppgsoc\/wp-json\/wp\/v2\/media\/2546"}],"wp:attachment":[{"href":"https:\/\/pos.uel.br\/ppgsoc\/wp-json\/wp\/v2\/media?parent=2545"}],"wp:term":[{"taxonomy":"category","embeddable":true,"href":"https:\/\/pos.uel.br\/ppgsoc\/wp-json\/wp\/v2\/categories?post=2545"},{"taxonomy":"post_tag","embeddable":true,"href":"https:\/\/pos.uel.br\/ppgsoc\/wp-json\/wp\/v2\/tags?post=2545"}],"curies":[{"name":"wp","href":"https:\/\/api.w.org\/{rel}","templated":true}]}}