{"id":2538,"date":"2022-08-11T09:06:25","date_gmt":"2022-08-11T12:06:25","guid":{"rendered":"https:\/\/pos.uel.br\/ppgsoc\/?p=2538"},"modified":"2022-08-11T09:06:26","modified_gmt":"2022-08-11T12:06:26","slug":"ato-em-defesa-da-democracia-na-uel","status":"publish","type":"post","link":"https:\/\/pos.uel.br\/ppgsoc\/sem-categoria\/2022\/08\/11\/ato-em-defesa-da-democracia-na-uel\/","title":{"rendered":"Ato em defesa da democracia na UEL"},"content":{"rendered":"\n<p>No dia 11 de agosto, quinta-feira, ser\u00e1 realizada a leitura da carta em defesa do estado democr\u00e1tico de direito no Campus da Universidade Estadual de Londrina. O ato ser\u00e1 realizado em dois momentos: \u00e0s 10h, na Pra\u00e7a do Centro de Educa\u00e7\u00e3o, Comunica\u00e7\u00e3o e Artes (CECA) e \u00e0s 21h no gramado do Centro de Letras e Ci\u00eancias Humanas (CCH).<\/p>\n\n\n<div class=\"wp-block-image\">\n<figure class=\"aligncenter size-full is-resized\"><img loading=\"lazy\" decoding=\"async\" src=\"https:\/\/pos.uel.br\/ppgsoc\/wp-content\/uploads\/2022\/08\/WhatsApp-Image-2022-08-09-at-21.27.27.jpeg\" alt=\"\" class=\"wp-image-2539\" width=\"407\" height=\"407\" srcset=\"https:\/\/pos.uel.br\/ppgsoc\/wp-content\/uploads\/2022\/08\/WhatsApp-Image-2022-08-09-at-21.27.27.jpeg 886w, https:\/\/pos.uel.br\/ppgsoc\/wp-content\/uploads\/2022\/08\/WhatsApp-Image-2022-08-09-at-21.27.27-300x300.jpeg 300w, https:\/\/pos.uel.br\/ppgsoc\/wp-content\/uploads\/2022\/08\/WhatsApp-Image-2022-08-09-at-21.27.27-150x150.jpeg 150w, https:\/\/pos.uel.br\/ppgsoc\/wp-content\/uploads\/2022\/08\/WhatsApp-Image-2022-08-09-at-21.27.27-768x768.jpeg 768w\" sizes=\"auto, (max-width: 407px) 100vw, 407px\" \/><figcaption><em>Reprodu\u00e7\u00e3o<\/em><\/figcaption><\/figure>\n<\/div>\n\n\n<p>A Comiss\u00e3o em Defesa da Democracia \/ C.U. &#8211; UEL \u00e9 organizadora do ato.<\/p>\n","protected":false},"excerpt":{"rendered":"<p>No dia 11 de agosto, quinta-feira, ser\u00e1 realizada a leitura da carta em defesa do estado democr\u00e1tico de direito no Campus da Universidade Estadual de Londrina. O ato ser\u00e1 realizado em dois momentos: \u00e0s 10h, na Pra\u00e7a do Centro de Educa\u00e7\u00e3o, Comunica\u00e7\u00e3o e Artes (CECA) e \u00e0s 21h no gramado do Centro de Letras e [&hellip;]<\/p>\n","protected":false},"author":8,"featured_media":2539,"comment_status":"open","ping_status":"open","sticky":false,"template":"","format":"standard","meta":{"_acf_changed":false,"footnotes":""},"categories":[1],"tags":[],"class_list":["post-2538","post","type-post","status-publish","format-standard","has-post-thumbnail","hentry","category-sem-categoria"],"acf":[],"_links":{"self":[{"href":"https:\/\/pos.uel.br\/ppgsoc\/wp-json\/wp\/v2\/posts\/2538","targetHints":{"allow":["GET"]}}],"collection":[{"href":"https:\/\/pos.uel.br\/ppgsoc\/wp-json\/wp\/v2\/posts"}],"about":[{"href":"https:\/\/pos.uel.br\/ppgsoc\/wp-json\/wp\/v2\/types\/post"}],"author":[{"embeddable":true,"href":"https:\/\/pos.uel.br\/ppgsoc\/wp-json\/wp\/v2\/users\/8"}],"replies":[{"embeddable":true,"href":"https:\/\/pos.uel.br\/ppgsoc\/wp-json\/wp\/v2\/comments?post=2538"}],"version-history":[{"count":1,"href":"https:\/\/pos.uel.br\/ppgsoc\/wp-json\/wp\/v2\/posts\/2538\/revisions"}],"predecessor-version":[{"id":2540,"href":"https:\/\/pos.uel.br\/ppgsoc\/wp-json\/wp\/v2\/posts\/2538\/revisions\/2540"}],"wp:featuredmedia":[{"embeddable":true,"href":"https:\/\/pos.uel.br\/ppgsoc\/wp-json\/wp\/v2\/media\/2539"}],"wp:attachment":[{"href":"https:\/\/pos.uel.br\/ppgsoc\/wp-json\/wp\/v2\/media?parent=2538"}],"wp:term":[{"taxonomy":"category","embeddable":true,"href":"https:\/\/pos.uel.br\/ppgsoc\/wp-json\/wp\/v2\/categories?post=2538"},{"taxonomy":"post_tag","embeddable":true,"href":"https:\/\/pos.uel.br\/ppgsoc\/wp-json\/wp\/v2\/tags?post=2538"}],"curies":[{"name":"wp","href":"https:\/\/api.w.org\/{rel}","templated":true}]}}