{"id":2513,"date":"2022-07-14T13:55:44","date_gmt":"2022-07-14T16:55:44","guid":{"rendered":"https:\/\/pos.uel.br\/ppgsoc\/?p=2513"},"modified":"2022-07-14T13:55:45","modified_gmt":"2022-07-14T16:55:45","slug":"publicada-a-edicao-n-145-do-anuario-brasileiro-de-seguranca-fonte-segura","status":"publish","type":"post","link":"https:\/\/pos.uel.br\/ppgsoc\/sem-categoria\/2022\/07\/14\/publicada-a-edicao-n-145-do-anuario-brasileiro-de-seguranca-fonte-segura\/","title":{"rendered":"Publicada a Edi\u00e7\u00e3o n. 145 do Anu\u00e1rio Brasileiro de Seguran\u00e7a &#8211; Fonte Segura"},"content":{"rendered":"\n<figure class=\"wp-block-image size-full\"><a href=\"https:\/\/fontesegura.forumseguranca.org.br\/edicao\/ed-145\/\"><img loading=\"lazy\" decoding=\"async\" width=\"971\" height=\"102\" src=\"https:\/\/pos.uel.br\/ppgsoc\/wp-content\/uploads\/2022\/07\/Captura-de-Tela-2022-07-14-a\u0300s-1.46.08-PM.png\" alt=\"\" class=\"wp-image-2515\" srcset=\"https:\/\/pos.uel.br\/ppgsoc\/wp-content\/uploads\/2022\/07\/Captura-de-Tela-2022-07-14-a\u0300s-1.46.08-PM.png 971w, https:\/\/pos.uel.br\/ppgsoc\/wp-content\/uploads\/2022\/07\/Captura-de-Tela-2022-07-14-a\u0300s-1.46.08-PM-300x32.png 300w, https:\/\/pos.uel.br\/ppgsoc\/wp-content\/uploads\/2022\/07\/Captura-de-Tela-2022-07-14-a\u0300s-1.46.08-PM-768x81.png 768w\" sizes=\"auto, (max-width: 971px) 100vw, 971px\" \/><\/a><\/figure>\n\n\n\n<p>Foi publicada a edi\u00e7\u00e3o n. 145 do Anu\u00e1rio Brasileiro de Seguran\u00e7a pelo Fonte Segura do F\u00f3rum Brasileiro de Seguran\u00e7a P\u00fablica. A edi\u00e7\u00e3o conta com um artigo do Dr. Cl\u00e9ber Lopes, coordenador do LEGS &#8211; Laborat\u00f3rio de Estudos sobre Governan\u00e7a da Seguran\u00e7a e Professor do Departamento de Ci\u00eancias Sociais da Universidade Estadual de Londrina. O artigo entitulado &#8220;A Seguran\u00e7a Privada N\u00e3o Controlada&#8221; pode ser acessado <a href=\"https:\/\/fontesegura.forumseguranca.org.br\/a-seguranca-privada-nao-controlada\/\">aqui<\/a>. <\/p>\n","protected":false},"excerpt":{"rendered":"<p>Foi publicada a edi\u00e7\u00e3o n. 145 do Anu\u00e1rio Brasileiro de Seguran\u00e7a pelo Fonte Segura do F\u00f3rum Brasileiro de Seguran\u00e7a P\u00fablica. A edi\u00e7\u00e3o conta com um artigo do Dr. Cl\u00e9ber Lopes, coordenador do LEGS &#8211; Laborat\u00f3rio de Estudos sobre Governan\u00e7a da Seguran\u00e7a e Professor do Departamento de Ci\u00eancias Sociais da Universidade Estadual de Londrina. O artigo [&hellip;]<\/p>\n","protected":false},"author":8,"featured_media":2514,"comment_status":"open","ping_status":"open","sticky":false,"template":"","format":"standard","meta":{"_acf_changed":false,"footnotes":""},"categories":[1],"tags":[],"class_list":["post-2513","post","type-post","status-publish","format-standard","has-post-thumbnail","hentry","category-sem-categoria"],"acf":[],"_links":{"self":[{"href":"https:\/\/pos.uel.br\/ppgsoc\/wp-json\/wp\/v2\/posts\/2513","targetHints":{"allow":["GET"]}}],"collection":[{"href":"https:\/\/pos.uel.br\/ppgsoc\/wp-json\/wp\/v2\/posts"}],"about":[{"href":"https:\/\/pos.uel.br\/ppgsoc\/wp-json\/wp\/v2\/types\/post"}],"author":[{"embeddable":true,"href":"https:\/\/pos.uel.br\/ppgsoc\/wp-json\/wp\/v2\/users\/8"}],"replies":[{"embeddable":true,"href":"https:\/\/pos.uel.br\/ppgsoc\/wp-json\/wp\/v2\/comments?post=2513"}],"version-history":[{"count":1,"href":"https:\/\/pos.uel.br\/ppgsoc\/wp-json\/wp\/v2\/posts\/2513\/revisions"}],"predecessor-version":[{"id":2516,"href":"https:\/\/pos.uel.br\/ppgsoc\/wp-json\/wp\/v2\/posts\/2513\/revisions\/2516"}],"wp:featuredmedia":[{"embeddable":true,"href":"https:\/\/pos.uel.br\/ppgsoc\/wp-json\/wp\/v2\/media\/2514"}],"wp:attachment":[{"href":"https:\/\/pos.uel.br\/ppgsoc\/wp-json\/wp\/v2\/media?parent=2513"}],"wp:term":[{"taxonomy":"category","embeddable":true,"href":"https:\/\/pos.uel.br\/ppgsoc\/wp-json\/wp\/v2\/categories?post=2513"},{"taxonomy":"post_tag","embeddable":true,"href":"https:\/\/pos.uel.br\/ppgsoc\/wp-json\/wp\/v2\/tags?post=2513"}],"curies":[{"name":"wp","href":"https:\/\/api.w.org\/{rel}","templated":true}]}}